{"id":258198,"date":"2022-07-01T23:58:48","date_gmt":"2022-07-01T20:58:48","guid":{"rendered":"http:\/\/107.6.182.27\/tr\/?p=258198"},"modified":"2022-07-02T08:53:52","modified_gmt":"2022-07-02T05:53:52","slug":"suriye-kurt-asiretleri-ulusal-forumu-tel-aranda-basladi","status":"publish","type":"post","link":"https:\/\/archive.sana.sy\/tr\/?p=258198","title":{"rendered":"Suriye-K\u00fcrt A\u015firetleri Ulusal Forumu Tel Aran&#8217;da Ba\u015flad\u0131"},"content":{"rendered":"<p style=\"text-align: justify;\">HALEP &#8211; SANA muhabiri, Halep k\u0131rsal\u0131ndaki Tel Aran&#8217;da Suriye K\u00fcrt Klanlar\u0131 Ulusal Forumu&#8217;nun ba\u015flat\u0131ld\u0131\u011f\u0131n\u0131, topra\u011f\u0131n birli\u011fini ve Suriye-K\u00fcrtlerin ulusal dokuya ba\u011fl\u0131l\u0131\u011f\u0131n\u0131 vurgulayarak, DSG milislerinin Amerikan i\u015fgaliyle su\u00e7 ortakl\u0131\u011f\u0131n\u0131 k\u0131nad\u0131\u011f\u0131n\u0131 bildirdi.<\/p>\n","protected":false},"excerpt":{"rendered":"<p>HALEP &#8211; SANA muhabiri, Halep k\u0131rsal\u0131ndaki Tel Aran&#8217;da Suriye K\u00fcrt Klanlar\u0131 Ulusal Forumu&#8217;nun ba\u015flat\u0131ld\u0131\u011f\u0131n\u0131, topra\u011f\u0131n birli\u011fini ve Suriye-K\u00fcrtlerin ulusal dokuya ba\u011fl\u0131l\u0131\u011f\u0131n\u0131 vurgulayarak, DSG milislerinin Amerikan i\u015fgaliyle su\u00e7 ortakl\u0131\u011f\u0131n\u0131 k\u0131nad\u0131\u011f\u0131n\u0131 bildirdi.<\/p>\n","protected":false},"author":1,"featured_media":0,"comment_status":"closed","ping_status":"closed","sticky":false,"template":"","format":"standard","meta":{"footnotes":""},"categories":[479,17988,478],"tags":[],"class_list":["post-258198","post","type-post","status-publish","format-standard","","category-haberler-yerel","category-son-haberler","category-yerel"],"_links":{"self":[{"href":"https:\/\/archive.sana.sy\/tr\/index.php?rest_route=\/wp\/v2\/posts\/258198","targetHints":{"allow":["GET"]}}],"collection":[{"href":"https:\/\/archive.sana.sy\/tr\/index.php?rest_route=\/wp\/v2\/posts"}],"about":[{"href":"https:\/\/archive.sana.sy\/tr\/index.php?rest_route=\/wp\/v2\/types\/post"}],"author":[{"embeddable":true,"href":"https:\/\/archive.sana.sy\/tr\/index.php?rest_route=\/wp\/v2\/users\/1"}],"replies":[{"embeddable":true,"href":"https:\/\/archive.sana.sy\/tr\/index.php?rest_route=%2Fwp%2Fv2%2Fcomments&post=258198"}],"version-history":[{"count":0,"href":"https:\/\/archive.sana.sy\/tr\/index.php?rest_route=\/wp\/v2\/posts\/258198\/revisions"}],"wp:attachment":[{"href":"https:\/\/archive.sana.sy\/tr\/index.php?rest_route=%2Fwp%2Fv2%2Fmedia&parent=258198"}],"wp:term":[{"taxonomy":"category","embeddable":true,"href":"https:\/\/archive.sana.sy\/tr\/index.php?rest_route=%2Fwp%2Fv2%2Fcategories&post=258198"},{"taxonomy":"post_tag","embeddable":true,"href":"https:\/\/archive.sana.sy\/tr\/index.php?rest_route=%2Fwp%2Fv2%2Ftags&post=258198"}],"curies":[{"name":"wp","href":"https:\/\/api.w.org\/{rel}","templated":true}]}}