{"id":258201,"date":"2022-07-01T23:59:22","date_gmt":"2022-07-01T20:59:22","guid":{"rendered":"http:\/\/107.6.182.27\/tr\/?p=258201"},"modified":"2022-07-02T08:56:23","modified_gmt":"2022-07-02T05:56:23","slug":"mecdeddin-gazal-akdeniz-olimpiyatlarinda-gumus-madalya-kazandi","status":"publish","type":"post","link":"https:\/\/archive.sana.sy\/tr\/?p=258201","title":{"rendered":"Mecdeddin Gazal, Akdeniz Olimpiyatlar\u0131nda G\u00fcm\u00fc\u015f Madalya Kazand\u0131"},"content":{"rendered":"<p style=\"text-align: justify;\">CEZAY\u0130R \u2013 Suriye milli atletizm tak\u0131m\u0131 oyuncusu Mecdeddin Gazal, Cezayir&#8217;in Oran kentinde d\u00fczenlenen Akdeniz Oyunlar\u0131&#8217;nda y\u00fcksek atlama yar\u0131\u015fmas\u0131nda g\u00fcm\u00fc\u015f madalya kazand\u0131.<\/p>\n<p style=\"text-align: justify;\">Gazal, 222 cm y\u00fcksekli\u011fe atlayarak Suriye&#8217;ye g\u00fcm\u00fc\u015f madalya kazand\u0131rd\u0131.<\/p>\n<p style=\"text-align: justify;\">Gazal, 2022&#8217;de \u0130talyan Marco, T\u00fcrk Alperen ve K\u0131br\u0131sl\u0131 Vasilius ve Frans\u0131zlar, Nathan ve Bastien liderli\u011findeki g\u00fc\u00e7l\u00fc Avrupal\u0131 \u200b\u200brakipleri geride b\u0131rakt\u0131.<\/p>\n","protected":false},"excerpt":{"rendered":"<p>CEZAY\u0130R \u2013 Suriye milli atletizm tak\u0131m\u0131 oyuncusu Mecdeddin Gazal, Cezayir&#8217;in Oran kentinde d\u00fczenlenen Akdeniz Oyunlar\u0131&#8217;nda y\u00fcksek atlama yar\u0131\u015fmas\u0131nda g\u00fcm\u00fc\u015f madalya kazand\u0131. Gazal, 222 cm y\u00fcksekli\u011fe atlayarak Suriye&#8217;ye g\u00fcm\u00fc\u015f madalya kazand\u0131rd\u0131. Gazal, 2022&#8217;de \u0130talyan Marco, T\u00fcrk Alperen ve K\u0131br\u0131sl\u0131 Vasilius ve Frans\u0131zlar, Nathan ve Bastien liderli\u011findeki g\u00fc\u00e7l\u00fc Avrupal\u0131 \u200b\u200brakipleri geride b\u0131rakt\u0131.<\/p>\n","protected":false},"author":1,"featured_media":0,"comment_status":"closed","ping_status":"closed","sticky":false,"template":"","format":"standard","meta":{"footnotes":""},"categories":[498,17988,496],"tags":[],"class_list":["post-258201","post","type-post","status-publish","format-standard","","category-dunya-turnuvalari","category-son-haberler","category-spor"],"_links":{"self":[{"href":"https:\/\/archive.sana.sy\/tr\/index.php?rest_route=\/wp\/v2\/posts\/258201","targetHints":{"allow":["GET"]}}],"collection":[{"href":"https:\/\/archive.sana.sy\/tr\/index.php?rest_route=\/wp\/v2\/posts"}],"about":[{"href":"https:\/\/archive.sana.sy\/tr\/index.php?rest_route=\/wp\/v2\/types\/post"}],"author":[{"embeddable":true,"href":"https:\/\/archive.sana.sy\/tr\/index.php?rest_route=\/wp\/v2\/users\/1"}],"replies":[{"embeddable":true,"href":"https:\/\/archive.sana.sy\/tr\/index.php?rest_route=%2Fwp%2Fv2%2Fcomments&post=258201"}],"version-history":[{"count":0,"href":"https:\/\/archive.sana.sy\/tr\/index.php?rest_route=\/wp\/v2\/posts\/258201\/revisions"}],"wp:attachment":[{"href":"https:\/\/archive.sana.sy\/tr\/index.php?rest_route=%2Fwp%2Fv2%2Fmedia&parent=258201"}],"wp:term":[{"taxonomy":"category","embeddable":true,"href":"https:\/\/archive.sana.sy\/tr\/index.php?rest_route=%2Fwp%2Fv2%2Fcategories&post=258201"},{"taxonomy":"post_tag","embeddable":true,"href":"https:\/\/archive.sana.sy\/tr\/index.php?rest_route=%2Fwp%2Fv2%2Ftags&post=258201"}],"curies":[{"name":"wp","href":"https:\/\/api.w.org\/{rel}","templated":true}]}}