{"id":258210,"date":"2022-07-01T23:59:36","date_gmt":"2022-07-01T20:59:36","guid":{"rendered":"http:\/\/107.6.182.27\/tr\/?p=258210"},"modified":"2022-07-03T08:20:01","modified_gmt":"2022-07-03T05:20:01","slug":"suriyeli-boksor-ahmed-gassun-akdeniz-oyunlarinda-75-kiloda-altin-madalya-kazandi","status":"publish","type":"post","link":"https:\/\/archive.sana.sy\/tr\/?p=258210","title":{"rendered":"Suriyeli Boks\u00f6r Ahmed Gassun, Akdeniz Oyunlar\u0131nda 75 Kiloda Alt\u0131n Madalya Kazand\u0131"},"content":{"rendered":"<p style=\"text-align: justify;\">CEZAY\u0130R &#8211; Suriye milli boks tak\u0131m\u0131 oyuncusu Ahmed Gassun, Cezayir&#8217;in Oran kentinde d\u00fczenlenen Akdeniz oyunlar\u0131nda 75 kiloda alt\u0131n madalya kazand\u0131.<\/p>\n<p style=\"text-align: justify;\">Alt\u0131n madalya, Gassun&#8217;un bug\u00fcn Cezayirli boks\u00f6r Younes Namouchi&#8217;yi b\u00fcy\u00fck bir kalabal\u0131\u011f\u0131n huzurunda yap\u0131lan final ma\u00e7\u0131nda kazanmas\u0131n\u0131n ard\u0131ndan geldi. Seyirciler ma\u00e7 sonunda &#8220;Suriye Suriye&#8221; sloganlar\u0131 att\u0131.<\/p>\n<p style=\"text-align: justify;\">Gassun, yar\u0131 finalde Frans\u0131z boks\u00f6r Vindor&#8217;u yenmi\u015f, ilk turda S\u0131rp Mimic&#8217;i ma\u011flup etmi\u015fti. Bilinece\u011fi \u00fczere Gassun \u0130spanya&#8217;daki bir \u00f6nceki Akdeniz oyunlar\u0131nda kendi a\u011f\u0131rl\u0131\u011f\u0131yla alt\u0131n madalya kazanm\u0131\u015ft\u0131.<\/p>\n","protected":false},"excerpt":{"rendered":"<p>CEZAY\u0130R &#8211; Suriye milli boks tak\u0131m\u0131 oyuncusu Ahmed Gassun, Cezayir&#8217;in Oran kentinde d\u00fczenlenen Akdeniz oyunlar\u0131nda 75 kiloda alt\u0131n madalya kazand\u0131. Alt\u0131n madalya, Gassun&#8217;un bug\u00fcn Cezayirli boks\u00f6r Younes Namouchi&#8217;yi b\u00fcy\u00fck bir kalabal\u0131\u011f\u0131n huzurunda yap\u0131lan final ma\u00e7\u0131nda kazanmas\u0131n\u0131n ard\u0131ndan geldi. Seyirciler ma\u00e7 sonunda &#8220;Suriye Suriye&#8221; sloganlar\u0131 att\u0131. Gassun, yar\u0131 finalde Frans\u0131z boks\u00f6r Vindor&#8217;u yenmi\u015f, ilk turda S\u0131rp &hellip;<\/p>\n","protected":false},"author":1,"featured_media":0,"comment_status":"closed","ping_status":"closed","sticky":false,"template":"","format":"standard","meta":{"footnotes":""},"categories":[498,17988,496],"tags":[],"class_list":["post-258210","post","type-post","status-publish","format-standard","","category-dunya-turnuvalari","category-son-haberler","category-spor"],"_links":{"self":[{"href":"https:\/\/archive.sana.sy\/tr\/index.php?rest_route=\/wp\/v2\/posts\/258210","targetHints":{"allow":["GET"]}}],"collection":[{"href":"https:\/\/archive.sana.sy\/tr\/index.php?rest_route=\/wp\/v2\/posts"}],"about":[{"href":"https:\/\/archive.sana.sy\/tr\/index.php?rest_route=\/wp\/v2\/types\/post"}],"author":[{"embeddable":true,"href":"https:\/\/archive.sana.sy\/tr\/index.php?rest_route=\/wp\/v2\/users\/1"}],"replies":[{"embeddable":true,"href":"https:\/\/archive.sana.sy\/tr\/index.php?rest_route=%2Fwp%2Fv2%2Fcomments&post=258210"}],"version-history":[{"count":0,"href":"https:\/\/archive.sana.sy\/tr\/index.php?rest_route=\/wp\/v2\/posts\/258210\/revisions"}],"wp:attachment":[{"href":"https:\/\/archive.sana.sy\/tr\/index.php?rest_route=%2Fwp%2Fv2%2Fmedia&parent=258210"}],"wp:term":[{"taxonomy":"category","embeddable":true,"href":"https:\/\/archive.sana.sy\/tr\/index.php?rest_route=%2Fwp%2Fv2%2Fcategories&post=258210"},{"taxonomy":"post_tag","embeddable":true,"href":"https:\/\/archive.sana.sy\/tr\/index.php?rest_route=%2Fwp%2Fv2%2Ftags&post=258210"}],"curies":[{"name":"wp","href":"https:\/\/api.w.org\/{rel}","templated":true}]}}