{"id":258391,"date":"2022-07-05T23:07:44","date_gmt":"2022-07-05T20:07:44","guid":{"rendered":"http:\/\/107.6.182.27\/tr\/?p=258391"},"modified":"2022-07-06T08:31:39","modified_gmt":"2022-07-06T05:31:39","slug":"peskov-rus-ordusu-hukumetinin-mesru-daveti-uzerine-suriyede","status":"publish","type":"post","link":"https:\/\/archive.sana.sy\/tr\/?p=258391","title":{"rendered":"Peskov: Rus Ordusu, H\u00fck\u00fcmetinin Me\u015fru Daveti \u00dczerine Suriye&#8217;de"},"content":{"rendered":"<p style=\"text-align: justify;\">MOSKOVA \u2013 Rusya cumhurba\u015fkanl\u0131\u011f\u0131 s\u00f6zc\u00fcs\u00fc Dmitry Peskov, Rus ordusunun, yasad\u0131\u015f\u0131 olarak mevcut ABD i\u015fgal g\u00fc\u00e7lerinin aksine Suriye h\u00fck\u00fcmetinin me\u015fru daveti \u00fczerine Suriye&#8217;de bulundu\u011funu yineledi.<\/p>\n<p style=\"text-align: justify;\">RIA Novosti bug\u00fcn yapt\u0131\u011f\u0131 bas\u0131n a\u00e7\u0131klamas\u0131nda Peskov&#8217;un, \u201cRus ordusu, Suriye liderli\u011finin daveti \u00fczerine, uluslararas\u0131 hukuka s\u0131k\u0131 s\u0131k\u0131ya ba\u011fl\u0131 olarak Suriye&#8217;de bulunurken, Amerikal\u0131lar\u0131n b\u00f6yle bir daveti yok ve bu temel fark\u0131 anlamak \u00e7ok \u00f6nemli\u201d ifadeleri kulland\u0131\u011f\u0131n\u0131 aktarad\u0131.<\/p>\n<p style=\"text-align: justify;\">Peskov, Suriye&#8217;de Rus ve ABD ordular\u0131 aras\u0131ndaki gerginli\u011fe ili\u015fkin &#8220;Bunu Rusya Savunma Bakanl\u0131\u011f\u0131&#8217;n\u0131n askeri uzmanlar\u0131ndan \u00f6\u011frenmenin uygun oldu\u011funu&#8221; belirtti.<\/p>\n<p style=\"text-align: justify;\">Suriye topraklar\u0131n\u0131n baz\u0131 b\u00f6l\u00fcmlerinde bulunan Amerikan i\u015fgal g\u00fc\u00e7lerinin Suriye petrol\u00fcn\u00fc ve kaynaklar\u0131n\u0131 \u00e7almaya devam etmesi dikkat \u00e7ekicidir.<\/p>\n<p style=\"text-align: justify;\">\u00d6te yandan Finlandiya ve \u0130sve\u00e7&#8217;in NATO&#8217;ya kat\u0131l\u0131m\u0131 hakk\u0131nda yorum yapan Peskov, \u00fclkesinin g\u00fcvenli\u011fini sa\u011flamak i\u00e7in \u00e7al\u0131\u015fma kararl\u0131l\u0131\u011f\u0131n\u0131 teyit etti.<\/p>\n<p style=\"text-align: justify;\">P.M.<\/p>\n","protected":false},"excerpt":{"rendered":"<p>MOSKOVA \u2013 Rusya cumhurba\u015fkanl\u0131\u011f\u0131 s\u00f6zc\u00fcs\u00fc Dmitry Peskov, Rus ordusunun, yasad\u0131\u015f\u0131 olarak mevcut ABD i\u015fgal g\u00fc\u00e7lerinin aksine Suriye h\u00fck\u00fcmetinin me\u015fru daveti \u00fczerine Suriye&#8217;de bulundu\u011funu yineledi. RIA Novosti bug\u00fcn yapt\u0131\u011f\u0131 bas\u0131n a\u00e7\u0131klamas\u0131nda Peskov&#8217;un, \u201cRus ordusu, Suriye liderli\u011finin daveti \u00fczerine, uluslararas\u0131 hukuka s\u0131k\u0131 s\u0131k\u0131ya ba\u011fl\u0131 olarak Suriye&#8217;de bulunurken, Amerikal\u0131lar\u0131n b\u00f6yle bir daveti yok ve bu temel fark\u0131 anlamak &hellip;<\/p>\n","protected":false},"author":1,"featured_media":0,"comment_status":"closed","ping_status":"closed","sticky":false,"template":"","format":"standard","meta":{"footnotes":""},"categories":[458,459,17988],"tags":[],"class_list":["post-258391","post","type-post","status-publish","format-standard","","category-dunya1","category-haberler-arap-uluslararasi-politika","category-son-haberler"],"_links":{"self":[{"href":"https:\/\/archive.sana.sy\/tr\/index.php?rest_route=\/wp\/v2\/posts\/258391","targetHints":{"allow":["GET"]}}],"collection":[{"href":"https:\/\/archive.sana.sy\/tr\/index.php?rest_route=\/wp\/v2\/posts"}],"about":[{"href":"https:\/\/archive.sana.sy\/tr\/index.php?rest_route=\/wp\/v2\/types\/post"}],"author":[{"embeddable":true,"href":"https:\/\/archive.sana.sy\/tr\/index.php?rest_route=\/wp\/v2\/users\/1"}],"replies":[{"embeddable":true,"href":"https:\/\/archive.sana.sy\/tr\/index.php?rest_route=%2Fwp%2Fv2%2Fcomments&post=258391"}],"version-history":[{"count":0,"href":"https:\/\/archive.sana.sy\/tr\/index.php?rest_route=\/wp\/v2\/posts\/258391\/revisions"}],"wp:attachment":[{"href":"https:\/\/archive.sana.sy\/tr\/index.php?rest_route=%2Fwp%2Fv2%2Fmedia&parent=258391"}],"wp:term":[{"taxonomy":"category","embeddable":true,"href":"https:\/\/archive.sana.sy\/tr\/index.php?rest_route=%2Fwp%2Fv2%2Fcategories&post=258391"},{"taxonomy":"post_tag","embeddable":true,"href":"https:\/\/archive.sana.sy\/tr\/index.php?rest_route=%2Fwp%2Fv2%2Ftags&post=258391"}],"curies":[{"name":"wp","href":"https:\/\/api.w.org\/{rel}","templated":true}]}}