{"id":258394,"date":"2022-07-05T23:09:50","date_gmt":"2022-07-05T20:09:50","guid":{"rendered":"http:\/\/107.6.182.27\/tr\/?p=258394"},"modified":"2022-07-06T08:31:58","modified_gmt":"2022-07-06T05:31:58","slug":"halep-ilinde-surdurulen-ulusal-uzlasma-prosedurlere-15-000den-fazla-aranan-kisi-katildi","status":"publish","type":"post","link":"https:\/\/archive.sana.sy\/tr\/?p=258394","title":{"rendered":"Halep \u0130li\u2019nde S\u00fcrd\u00fcr\u00fclen Ulusal Uzla\u015fma Prosed\u00fcrlere 15.000&#8217;den Fazla Aranan Ki\u015fi Kat\u0131ld\u0131"},"content":{"rendered":"<p style=\"text-align: justify;\">HALEP \u2013 Yetkili komiteler, Halep&#8217;teki Esed Gymnasium&#8217;daki durumlar\u0131n\u0131 devlet taraf\u0131ndan ortaya konan anla\u015fmalar\u0131n \u015fartlar\u0131na g\u00f6re, iyi bir kat\u0131l\u0131m ve basitle\u015ftirilmi\u015f prosed\u00fcrler \u00e7er\u00e7evesinde d\u00fczenlemek isteyenlerden talep almaya devam ediyor.<\/p>\n<p style=\"text-align: justify;\">SANA muhabirine a\u00e7\u0131klamalarda bulunan uzla\u015fma prosed\u00fcrlerine kat\u0131lanlar\u0131n bir k\u0131sm\u0131, durumlar\u0131n\u0131 \u00e7\u00f6zd\u00fckten sonra duyduklar\u0131 memnuniyeti dile getirerek, aldat\u0131lan herkesi kendilerine kat\u0131lmaya, durumlar\u0131n\u0131 \u00e7\u00f6zmeye, devlet i\u00e7inde ve himayesinde yeni bir hayata ba\u015flamaya \u00e7a\u011f\u0131rd\u0131.<\/p>\n<p style=\"text-align: justify;\">Halep \u0130li \u0130cra Dairesi \u00fcyesi Dr.Kumeyt Assi el \u015eeyh, \u015fehirdeki stat\u00fclerini d\u00fczenlemek isteyenlerin taleplerinin al\u0131nmaya devam etti\u011fini belirtti. El \u015eeyh, el Esad Spor Merkezi\u2019nde aranan yakla\u015f\u0131k 3000 ki\u015finin stat\u00fcs\u00fcn\u00fcn yerle\u015ftirildi\u011fini, il genelinde stat\u00fcleri belirlenenlerin toplam say\u0131s\u0131n\u0131n ise 15.500&#8217;den fazla ki\u015fiye ula\u015ft\u0131\u011f\u0131na i\u015faret etti.<\/p>\n<p style=\"text-align: justify;\">El \u015eeyh ayr\u0131ca, Halep Valili\u011fi taraf\u0131ndan stat\u00fcleri kesinle\u015fenlerin \u015fahsi ve aile evraklar\u0131n\u0131n temin edilmesi i\u00e7in t\u00fcm imkanlar\u0131n takip edildi\u011fini ve sa\u011fland\u0131\u011f\u0131na dikkat \u00e7ekerek, vatanda\u015flar\u0131n evlerine ve k\u00f6ylerine kolayl\u0131kla d\u00f6nmelerine katk\u0131 sa\u011flad\u0131\u011f\u0131n\u0131 belirtti.<\/p>\n<p style=\"text-align: justify;\">P.M.<\/p>\n","protected":false},"excerpt":{"rendered":"<p>HALEP \u2013 Yetkili komiteler, Halep&#8217;teki Esed Gymnasium&#8217;daki durumlar\u0131n\u0131 devlet taraf\u0131ndan ortaya konan anla\u015fmalar\u0131n \u015fartlar\u0131na g\u00f6re, iyi bir kat\u0131l\u0131m ve basitle\u015ftirilmi\u015f prosed\u00fcrler \u00e7er\u00e7evesinde d\u00fczenlemek isteyenlerden talep almaya devam ediyor. SANA muhabirine a\u00e7\u0131klamalarda bulunan uzla\u015fma prosed\u00fcrlerine kat\u0131lanlar\u0131n bir k\u0131sm\u0131, durumlar\u0131n\u0131 \u00e7\u00f6zd\u00fckten sonra duyduklar\u0131 memnuniyeti dile getirerek, aldat\u0131lan herkesi kendilerine kat\u0131lmaya, durumlar\u0131n\u0131 \u00e7\u00f6zmeye, devlet i\u00e7inde ve himayesinde yeni &hellip;<\/p>\n","protected":false},"author":1,"featured_media":0,"comment_status":"closed","ping_status":"closed","sticky":false,"template":"","format":"standard","meta":{"footnotes":""},"categories":[479,17988,478],"tags":[],"class_list":["post-258394","post","type-post","status-publish","format-standard","","category-haberler-yerel","category-son-haberler","category-yerel"],"_links":{"self":[{"href":"https:\/\/archive.sana.sy\/tr\/index.php?rest_route=\/wp\/v2\/posts\/258394","targetHints":{"allow":["GET"]}}],"collection":[{"href":"https:\/\/archive.sana.sy\/tr\/index.php?rest_route=\/wp\/v2\/posts"}],"about":[{"href":"https:\/\/archive.sana.sy\/tr\/index.php?rest_route=\/wp\/v2\/types\/post"}],"author":[{"embeddable":true,"href":"https:\/\/archive.sana.sy\/tr\/index.php?rest_route=\/wp\/v2\/users\/1"}],"replies":[{"embeddable":true,"href":"https:\/\/archive.sana.sy\/tr\/index.php?rest_route=%2Fwp%2Fv2%2Fcomments&post=258394"}],"version-history":[{"count":0,"href":"https:\/\/archive.sana.sy\/tr\/index.php?rest_route=\/wp\/v2\/posts\/258394\/revisions"}],"wp:attachment":[{"href":"https:\/\/archive.sana.sy\/tr\/index.php?rest_route=%2Fwp%2Fv2%2Fmedia&parent=258394"}],"wp:term":[{"taxonomy":"category","embeddable":true,"href":"https:\/\/archive.sana.sy\/tr\/index.php?rest_route=%2Fwp%2Fv2%2Fcategories&post=258394"},{"taxonomy":"post_tag","embeddable":true,"href":"https:\/\/archive.sana.sy\/tr\/index.php?rest_route=%2Fwp%2Fv2%2Ftags&post=258394"}],"curies":[{"name":"wp","href":"https:\/\/api.w.org\/{rel}","templated":true}]}}