{"id":258397,"date":"2022-07-05T23:11:46","date_gmt":"2022-07-05T20:11:46","guid":{"rendered":"http:\/\/107.6.182.27\/tr\/?p=258397"},"modified":"2022-07-06T08:32:28","modified_gmt":"2022-07-06T05:32:28","slug":"hasekedeki-el-mjeyrbe-koyunun-ahalisi-bolgeden-gecmeye-calisan-amerikan-isgalinin-konvoyunu-sinir-disi-etti","status":"publish","type":"post","link":"https:\/\/archive.sana.sy\/tr\/?p=258397","title":{"rendered":"Haseke\u2019deki el Mjeyrbe K\u00f6y\u00fcn\u00fcn Ahalisi B\u00f6lgeden Ge\u00e7meye \u00c7al\u0131\u015fan Amerikan \u0130\u015fgalinin Konvoyunu S\u0131n\u0131r D\u0131\u015f\u0131 Etti"},"content":{"rendered":"<p style=\"text-align: justify;\">HASEKE \u2013 Amerikan i\u015fgal g\u00fc\u00e7lerinin kendi b\u00f6lgelerindeki varl\u0131\u011f\u0131n\u0131n halk taraf\u0131ndan reddedilmesi ba\u011flam\u0131nda, Haseke&#8217;nin do\u011fu k\u0131rsal\u0131ndaki Al-Mujaibara k\u00f6y\u00fc sakinleri bir askeri ara\u00e7 konvoyunu durdurdu ve onlar\u0131 b\u00f6lgeden kovdu.<\/p>\n<p style=\"text-align: justify;\">SANA muhabiri, be\u015f ara\u00e7tan olu\u015fan Amerikan i\u015fgaline ait bir konvoyun Haseke k\u0131rsal\u0131ndaki i\u015fgal \u00fcslerine ilerlerken el Mjeybre k\u00f6y\u00fcnden ge\u00e7meye \u00e7al\u0131\u015ft\u0131\u011f\u0131nda k\u00f6y ahaliler ve ordu birliklerimiz taraf\u0131ndan kar\u015f\u0131land\u0131\u011f\u0131n\u0131 ve s\u0131n\u0131r d\u0131\u015f\u0131 olmaya mecbur edildi\u011fini belirtti.<\/p>\n<p style=\"text-align: justify;\">P.M.<\/p>\n","protected":false},"excerpt":{"rendered":"<p>HASEKE \u2013 Amerikan i\u015fgal g\u00fc\u00e7lerinin kendi b\u00f6lgelerindeki varl\u0131\u011f\u0131n\u0131n halk taraf\u0131ndan reddedilmesi ba\u011flam\u0131nda, Haseke&#8217;nin do\u011fu k\u0131rsal\u0131ndaki Al-Mujaibara k\u00f6y\u00fc sakinleri bir askeri ara\u00e7 konvoyunu durdurdu ve onlar\u0131 b\u00f6lgeden kovdu. SANA muhabiri, be\u015f ara\u00e7tan olu\u015fan Amerikan i\u015fgaline ait bir konvoyun Haseke k\u0131rsal\u0131ndaki i\u015fgal \u00fcslerine ilerlerken el Mjeybre k\u00f6y\u00fcnden ge\u00e7meye \u00e7al\u0131\u015ft\u0131\u011f\u0131nda k\u00f6y ahaliler ve ordu birliklerimiz taraf\u0131ndan kar\u015f\u0131land\u0131\u011f\u0131n\u0131 ve &hellip;<\/p>\n","protected":false},"author":1,"featured_media":0,"comment_status":"closed","ping_status":"closed","sticky":false,"template":"","format":"standard","meta":{"footnotes":""},"categories":[479,575,17988,478],"tags":[],"class_list":["post-258397","post","type-post","status-publish","format-standard","","category-haberler-yerel","category-olaylar-ve-gercekler","category-son-haberler","category-yerel"],"_links":{"self":[{"href":"https:\/\/archive.sana.sy\/tr\/index.php?rest_route=\/wp\/v2\/posts\/258397","targetHints":{"allow":["GET"]}}],"collection":[{"href":"https:\/\/archive.sana.sy\/tr\/index.php?rest_route=\/wp\/v2\/posts"}],"about":[{"href":"https:\/\/archive.sana.sy\/tr\/index.php?rest_route=\/wp\/v2\/types\/post"}],"author":[{"embeddable":true,"href":"https:\/\/archive.sana.sy\/tr\/index.php?rest_route=\/wp\/v2\/users\/1"}],"replies":[{"embeddable":true,"href":"https:\/\/archive.sana.sy\/tr\/index.php?rest_route=%2Fwp%2Fv2%2Fcomments&post=258397"}],"version-history":[{"count":0,"href":"https:\/\/archive.sana.sy\/tr\/index.php?rest_route=\/wp\/v2\/posts\/258397\/revisions"}],"wp:attachment":[{"href":"https:\/\/archive.sana.sy\/tr\/index.php?rest_route=%2Fwp%2Fv2%2Fmedia&parent=258397"}],"wp:term":[{"taxonomy":"category","embeddable":true,"href":"https:\/\/archive.sana.sy\/tr\/index.php?rest_route=%2Fwp%2Fv2%2Fcategories&post=258397"},{"taxonomy":"post_tag","embeddable":true,"href":"https:\/\/archive.sana.sy\/tr\/index.php?rest_route=%2Fwp%2Fv2%2Ftags&post=258397"}],"curies":[{"name":"wp","href":"https:\/\/api.w.org\/{rel}","templated":true}]}}