{"id":258400,"date":"2022-07-05T23:13:34","date_gmt":"2022-07-05T20:13:34","guid":{"rendered":"http:\/\/107.6.182.27\/tr\/?p=258400"},"modified":"2022-07-06T12:02:18","modified_gmt":"2022-07-06T09:02:18","slug":"bakan-el-mikdad-cezayirin-bagimsizliginin-60-yil-donumu-resmi-kutlamalarina-katildi","status":"publish","type":"post","link":"https:\/\/archive.sana.sy\/tr\/?p=258400","title":{"rendered":"Bakan el Mikdad, Cezayir&#8217;in Ba\u011f\u0131ms\u0131zl\u0131\u011f\u0131n\u0131n 60. Y\u0131l D\u00f6n\u00fcm\u00fc Resmi Kutlamalar\u0131na Kat\u0131ld\u0131"},"content":{"rendered":"<p style=\"text-align: justify;\">CEZAY\u0130R \u2013 Bug\u00fcn Cezayir ba\u015fkenti, Cezayir&#8217;in ba\u011f\u0131ms\u0131zl\u0131\u011f\u0131n\u0131n 60. y\u0131l d\u00f6n\u00fcm\u00fc resmi kutlamalar\u0131 kapsam\u0131nda, D\u0131\u015fi\u015fleri ve G\u00f6\u00e7menler Bakan\u0131 Dr.Feysal el Mikdad&#8217;\u0131n, Arap ve yabanc\u0131 \u00fclke ba\u015fkanlar\u0131, b\u00f6lge ve d\u00fcnyadaki bir\u00e7ok \u00fclkeden d\u0131\u015fi\u015fleri bakanlar\u0131 ve yetkililer huzurunda askeri ge\u00e7it t\u00f6renine sahne oldu.<\/p>\n<p style=\"text-align: justify;\">Cezayir Cumhurba\u015fkan\u0131 Abdelmadjid Tebbune yapt\u0131\u011f\u0131 konu\u015fmada, bu incelemenin &#8220;ulusal egemenli\u011fin restorasyonunun altm\u0131\u015f\u0131nc\u0131 y\u0131ld\u00f6n\u00fcm\u00fc kutlamalar\u0131na istisnai bir y\u00fcz katt\u0131\u011f\u0131n\u0131&#8221; vurgulad\u0131.<\/p>\n<p style=\"text-align: justify;\">Tebbune, &#8220;Muhte\u015fem bir tarih ve yeni bir \u00e7a\u011f&#8221; slogan\u0131n\u0131 benimseyen, &#8220;Bu m\u00fcbarek bayram\u0131n sevincini bizimle payla\u015fmay\u0131 reddeden Cezayir&#8217;in t\u00fcm konuklar\u0131na&#8221; te\u015fekk\u00fcrlerini iletti.<\/p>\n<p style=\"text-align: justify;\">Cezayir&#8217;in ba\u011f\u0131ms\u0131zl\u0131k y\u0131ld\u00f6n\u00fcm\u00fc kutlamalar\u0131n\u0131n oturum aralar\u0131nda el Mikdad, Cumhurba\u015fkan\u0131 Be\u015far Esad&#8217;a selamlar\u0131n\u0131 iletmesini isteyen Tunus Cumhurba\u015fkan\u0131 Keys Said ile bir araya geldi.<\/p>\n<p style=\"text-align: justify;\">Said, Suriye&#8217;nin elde etti\u011fi ba\u015far\u0131lar\u0131n ve Tunus halk\u0131n\u0131n karanl\u0131k ve geri kalm\u0131\u015f g\u00fc\u00e7lere kar\u015f\u0131 att\u0131\u011f\u0131 ad\u0131mlar\u0131n, Suriye ve Tunus&#8217;taki iki karde\u015f halk\u0131n ortak hedeflerine ula\u015fmas\u0131 i\u00e7in birbirini tamamlay\u0131c\u0131 oldu\u011funa dikkat \u00e7ekti.<\/p>\n<p style=\"text-align: justify;\">Bakan el Mikdad ayr\u0131ca, kat\u0131l\u0131mc\u0131 \u00fclkelerin baz\u0131 d\u0131\u015fi\u015fleri bakanlar\u0131yla, bu \u00fclkelerle ikili ili\u015fkiler ve b\u00f6lgesel ve uluslararas\u0131 siyasi geli\u015fmelerin ele al\u0131nd\u0131\u011f\u0131 g\u00f6r\u00fc\u015fmelerde bulundu.<\/p>\n<p style=\"text-align: justify;\">P.M.<\/p>\n","protected":false},"excerpt":{"rendered":"<p>CEZAY\u0130R \u2013 Bug\u00fcn Cezayir ba\u015fkenti, Cezayir&#8217;in ba\u011f\u0131ms\u0131zl\u0131\u011f\u0131n\u0131n 60. y\u0131l d\u00f6n\u00fcm\u00fc resmi kutlamalar\u0131 kapsam\u0131nda, D\u0131\u015fi\u015fleri ve G\u00f6\u00e7menler Bakan\u0131 Dr.Feysal el Mikdad&#8217;\u0131n, Arap ve yabanc\u0131 \u00fclke ba\u015fkanlar\u0131, b\u00f6lge ve d\u00fcnyadaki bir\u00e7ok \u00fclkeden d\u0131\u015fi\u015fleri bakanlar\u0131 ve yetkililer huzurunda askeri ge\u00e7it t\u00f6renine sahne oldu. Cezayir Cumhurba\u015fkan\u0131 Abdelmadjid Tebbune yapt\u0131\u011f\u0131 konu\u015fmada, bu incelemenin &#8220;ulusal egemenli\u011fin restorasyonunun altm\u0131\u015f\u0131nc\u0131 y\u0131ld\u00f6n\u00fcm\u00fc kutlamalar\u0131na istisnai &hellip;<\/p>\n","protected":false},"author":1,"featured_media":0,"comment_status":"closed","ping_status":"closed","sticky":false,"template":"","format":"standard","meta":{"footnotes":""},"categories":[458,459,17988],"tags":[],"class_list":["post-258400","post","type-post","status-publish","format-standard","","category-dunya1","category-haberler-arap-uluslararasi-politika","category-son-haberler"],"_links":{"self":[{"href":"https:\/\/archive.sana.sy\/tr\/index.php?rest_route=\/wp\/v2\/posts\/258400","targetHints":{"allow":["GET"]}}],"collection":[{"href":"https:\/\/archive.sana.sy\/tr\/index.php?rest_route=\/wp\/v2\/posts"}],"about":[{"href":"https:\/\/archive.sana.sy\/tr\/index.php?rest_route=\/wp\/v2\/types\/post"}],"author":[{"embeddable":true,"href":"https:\/\/archive.sana.sy\/tr\/index.php?rest_route=\/wp\/v2\/users\/1"}],"replies":[{"embeddable":true,"href":"https:\/\/archive.sana.sy\/tr\/index.php?rest_route=%2Fwp%2Fv2%2Fcomments&post=258400"}],"version-history":[{"count":0,"href":"https:\/\/archive.sana.sy\/tr\/index.php?rest_route=\/wp\/v2\/posts\/258400\/revisions"}],"wp:attachment":[{"href":"https:\/\/archive.sana.sy\/tr\/index.php?rest_route=%2Fwp%2Fv2%2Fmedia&parent=258400"}],"wp:term":[{"taxonomy":"category","embeddable":true,"href":"https:\/\/archive.sana.sy\/tr\/index.php?rest_route=%2Fwp%2Fv2%2Fcategories&post=258400"},{"taxonomy":"post_tag","embeddable":true,"href":"https:\/\/archive.sana.sy\/tr\/index.php?rest_route=%2Fwp%2Fv2%2Ftags&post=258400"}],"curies":[{"name":"wp","href":"https:\/\/api.w.org\/{rel}","templated":true}]}}