{"id":258403,"date":"2022-07-05T23:15:28","date_gmt":"2022-07-05T20:15:28","guid":{"rendered":"http:\/\/107.6.182.27\/tr\/?p=258403"},"modified":"2022-07-07T10:00:11","modified_gmt":"2022-07-07T07:00:11","slug":"bakanlar-kurulu-lazkiyede-son-zamanlarda-meydana-gelen-firtinanin-yol-actigi-zararlarin-tazmin-edilmesi-icin-26-milyar-liradan-fazla-odenek-tahsis-edilmesini-onayladi","status":"publish","type":"post","link":"https:\/\/archive.sana.sy\/tr\/?p=258403","title":{"rendered":"Bakanlar Kurulu, Lazkiye&#8217;de Son Zamanlarda Meydana Gelen F\u0131rt\u0131nan\u0131n Yol A\u00e7t\u0131\u011f\u0131 Zararlar\u0131n Tazmin Edilmesi \u0130\u00e7in 2,6 Milyar Liradan Fazla \u00d6denek Tahsis Edilmesini Onaylad\u0131"},"content":{"rendered":"<p style=\"text-align: justify;\">\u015eAM \u2013 Bakanlar Kurulu, ge\u00e7ti\u011fimiz g\u00fcnlerde Lazkiye Valili\u011fi&#8217;ndeki f\u0131rt\u0131nadan tar\u0131m sekt\u00f6r\u00fcnde etkilenenleri telafi etmek i\u00e7in Kurakl\u0131k ve Do\u011fal Afetlerin Etkilerini Azaltma Fonu yarar\u0131na 2,6 milyardan fazla Suriye liras\u0131 tahsis edilmesini onaylad\u0131.<\/p>\n<p style=\"text-align: justify;\">Bakanlar Kurulu, bug\u00fcn Ba\u015fbakan H\u00fcseyin Arnus ba\u015fkanl\u0131\u011f\u0131ndaki haftal\u0131k oturumunda, bayram tatilinde da\u011f\u0131t\u0131m devam etmek \u00fczere, \u00f6n\u00fcm\u00fczdeki iki g\u00fcn boyunca istasyonlarda g\u00fcnl\u00fck da\u011f\u0131t\u0131lan miktarlara 500.000 litre benzin eklemeye karar verdi.<\/p>\n<p style=\"text-align: justify;\">Kurul, f\u0131r\u0131nlar, sa\u011fl\u0131k ocaklar\u0131, hastaneler, itfaiye, polis, su hizmetleri, elektrik ve haberle\u015fme sekt\u00f6rlerinde hizmet veren t\u00fcm bakanl\u0131k, kurum ve m\u00fcd\u00fcrl\u00fcklerden tatilde vatanda\u015flara hizmet vermeye devam etmelerini istedi.<\/p>\n<p style=\"text-align: justify;\">Kabine, temel g\u0131da maddelerinin piyasada bulunabilirli\u011fi ger\u00e7e\u011fini tart\u0131\u015fm\u0131\u015f ve temel g\u0131da maddelerinin yeterli miktarda ve uzun s\u00fcreler boyunca temin edilmesi, bunlar\u0131n k\u0131tl\u0131\u011f\u0131n\u0131n \u00f6nlenmesi ve tekel durumunun ihlal edilmesinin \u00f6nceli\u011fini vurgulad\u0131. Kabine, ba\u015fka bir alanda, emlak gazetesinin otomasyonunun h\u0131zland\u0131r\u0131lmas\u0131 ve illerdeki emlak kay\u0131tlar\u0131n\u0131n \u00e7al\u0131\u015fmas\u0131n\u0131n geli\u015ftirilmesi gere\u011fini de vurgulad\u0131.<\/p>\n<p style=\"text-align: justify;\">Kabine ayr\u0131ca, insan ila\u00e7 end\u00fcstrisinde kullan\u0131lan \u00fcretim gereklilikleri ve hammaddelerin g\u00fcmr\u00fck vergilerinden muaf tutulmas\u0131n\u0131 da i\u00e7eren 2021 tarihli 25 Say\u0131l\u0131 Kanun H\u00fckm\u00fcnde Kararname h\u00fck\u00fcmlerini geni\u015fletmek i\u00e7in bir yasama tasla\u011f\u0131 tasla\u011f\u0131n\u0131 g\u00f6r\u00fc\u015ft\u00fc.<\/p>\n<p style=\"text-align: justify;\">\u00d6te yandan kabine Lazkiye kentindeki sanayi b\u00f6lgesinde otomobil sat\u0131\u015f ofislerinin kurulmas\u0131 ve donat\u0131lmas\u0131, yat\u0131r\u0131ma al\u0131nmas\u0131 ve Tartus vilayetindeki otel enstit\u00fc binas\u0131n\u0131n rehabilitasyon \u00e7al\u0131\u015fmalar\u0131n\u0131n hayata ge\u00e7irilmesi projesinin tamamlanmas\u0131 konusunda mutab\u0131k kald\u0131.<\/p>\n<p style=\"text-align: justify;\">Tar\u0131m ve Tar\u0131m Reformu Bakan\u0131 Muhammed Hassan Katana, oturumun ard\u0131ndan gazetecilere yapt\u0131\u011f\u0131 a\u00e7\u0131klamada, ge\u00e7en ay\u0131n 25&#8217;inde meydana gelen f\u0131rt\u0131na nedeniyle Lazkiye vilayetinde etkilenen \u00e7ift\u00e7ilere tazminat \u00f6denece\u011fini belirtti.<\/p>\n<p style=\"text-align: justify;\">P.M.<\/p>\n","protected":false},"excerpt":{"rendered":"<p>\u015eAM \u2013 Bakanlar Kurulu, ge\u00e7ti\u011fimiz g\u00fcnlerde Lazkiye Valili\u011fi&#8217;ndeki f\u0131rt\u0131nadan tar\u0131m sekt\u00f6r\u00fcnde etkilenenleri telafi etmek i\u00e7in Kurakl\u0131k ve Do\u011fal Afetlerin Etkilerini Azaltma Fonu yarar\u0131na 2,6 milyardan fazla Suriye liras\u0131 tahsis edilmesini onaylad\u0131. Bakanlar Kurulu, bug\u00fcn Ba\u015fbakan H\u00fcseyin Arnus ba\u015fkanl\u0131\u011f\u0131ndaki haftal\u0131k oturumunda, bayram tatilinde da\u011f\u0131t\u0131m devam etmek \u00fczere, \u00f6n\u00fcm\u00fczdeki iki g\u00fcn boyunca istasyonlarda g\u00fcnl\u00fck da\u011f\u0131t\u0131lan miktarlara 500.000 &hellip;<\/p>\n","protected":false},"author":1,"featured_media":0,"comment_status":"closed","ping_status":"closed","sticky":false,"template":"","format":"standard","meta":{"footnotes":""},"categories":[485,486,479,17988,478],"tags":[],"class_list":["post-258403","post","type-post","status-publish","format-standard","","category-is-ve-sermaye","category-haberler-is-ve-sermaye","category-haberler-yerel","category-son-haberler","category-yerel"],"_links":{"self":[{"href":"https:\/\/archive.sana.sy\/tr\/index.php?rest_route=\/wp\/v2\/posts\/258403","targetHints":{"allow":["GET"]}}],"collection":[{"href":"https:\/\/archive.sana.sy\/tr\/index.php?rest_route=\/wp\/v2\/posts"}],"about":[{"href":"https:\/\/archive.sana.sy\/tr\/index.php?rest_route=\/wp\/v2\/types\/post"}],"author":[{"embeddable":true,"href":"https:\/\/archive.sana.sy\/tr\/index.php?rest_route=\/wp\/v2\/users\/1"}],"replies":[{"embeddable":true,"href":"https:\/\/archive.sana.sy\/tr\/index.php?rest_route=%2Fwp%2Fv2%2Fcomments&post=258403"}],"version-history":[{"count":0,"href":"https:\/\/archive.sana.sy\/tr\/index.php?rest_route=\/wp\/v2\/posts\/258403\/revisions"}],"wp:attachment":[{"href":"https:\/\/archive.sana.sy\/tr\/index.php?rest_route=%2Fwp%2Fv2%2Fmedia&parent=258403"}],"wp:term":[{"taxonomy":"category","embeddable":true,"href":"https:\/\/archive.sana.sy\/tr\/index.php?rest_route=%2Fwp%2Fv2%2Fcategories&post=258403"},{"taxonomy":"post_tag","embeddable":true,"href":"https:\/\/archive.sana.sy\/tr\/index.php?rest_route=%2Fwp%2Fv2%2Ftags&post=258403"}],"curies":[{"name":"wp","href":"https:\/\/api.w.org\/{rel}","templated":true}]}}