{"id":258446,"date":"2022-07-06T18:50:13","date_gmt":"2022-07-06T15:50:13","guid":{"rendered":"http:\/\/107.6.182.27\/tr\/?p=258446"},"modified":"2022-07-08T08:56:41","modified_gmt":"2022-07-08T05:56:41","slug":"ekonomik-iliskileri-gelistirmenin-ve-ortak-anlasmalari-etkinlestirmenin-yollari-ele-alindi","status":"publish","type":"post","link":"https:\/\/archive.sana.sy\/tr\/?p=258446","title":{"rendered":"Ekonomik \u0130li\u015fkileri Geli\u015ftirmenin Ve Ortak Anla\u015fmalar\u0131 Etkinle\u015ftirmenin Yollar\u0131 Ele Al\u0131nd\u0131"},"content":{"rendered":"<p>\u015eAM -Ula\u015ft\u0131rma Bakan\u0131 Z\u00fcheyr Hazim, Umman Sultanl\u0131\u011f\u0131&#8217;n\u0131n \u015eam B\u00fcy\u00fckel\u00e7isi Turki bin Mahmud Al Busaidi ile ikili ili\u015fkilerin geli\u015ftirilmesi ve iki \u00fclke aras\u0131nda imzalanan anla\u015fmalar\u0131n etkinle\u015ftirilmesi konular\u0131n\u0131 g\u00f6r\u00fc\u015ft\u00fc.<\/p>\n<p>G\u00f6r\u00fc\u015fmede, iki taraf hava ve deniz ta\u015f\u0131mac\u0131l\u0131\u011f\u0131 alan\u0131nda, \u00f6zellikle denizcilik sertifikalar\u0131n\u0131n tan\u0131nmas\u0131 alan\u0131nda \u00e7al\u0131\u015fmalar\u0131n geli\u015ftirilmesi konusunda mutab\u0131k kald\u0131.<\/p>\n<p>\u0130ki taraf, i\u015fadamlar\u0131 ile ekonomik ve ticari faaliyetler aras\u0131ndaki i\u015fbirli\u011fi kap\u0131lar\u0131n\u0131n iki halk\u0131n ve iki karde\u015f \u00fclkenin \u00e7\u0131kar\u0131na yeniden a\u00e7\u0131lmas\u0131n\u0131n \u00f6nemini vurgulad\u0131.<\/p>\n<p><a class=\"oajrlxb2 g5ia77u1 qu0x051f esr5mh6w e9989ue4 r7d6kgcz rq0escxv nhd2j8a9 nc684nl6 p7hjln8o kvgmc6g5 cxmmr5t8 oygrvhab hcukyx3x jb3vyjys rz4wbd8a qt6c0cv9 a8nywdso i1ao9s8h esuyzwwr f1sip0of lzcic4wl gpro0wi8 q66pz984 b1v8xokw\" tabindex=\"0\" role=\"link\" href=\"https:\/\/www.facebook.com\/hashtag\/telegram_kanal%C4%B1m%C4%B1z?__eep__=6&amp;__cft__[0]=AZXjH4pYUiFP27BNzq59yXi82kMqaseqFxvafUfQ9VJSThyLFbdga4Txzo7OAE57V00tZoPksZyQDIn5PPpXMnVAwLRx0oxzHoNlpZ8PfZmIo1bIXNSlDr_EgzLR1K3CSmAITtN13UQQxa1_Q1iyaCGOwQVfiaWFRbsowZl5pW1B0g&amp;__tn__=*NK-R\">#Telegram_Kanal\u0131m\u0131z<\/a>: <a class=\"oajrlxb2 g5ia77u1 qu0x051f esr5mh6w e9989ue4 r7d6kgcz rq0escxv nhd2j8a9 nc684nl6 p7hjln8o kvgmc6g5 cxmmr5t8 oygrvhab hcukyx3x jb3vyjys rz4wbd8a qt6c0cv9 a8nywdso i1ao9s8h esuyzwwr f1sip0of lzcic4wl gpro0wi8 py34i1dx\" tabindex=\"0\" role=\"link\" href=\"https:\/\/t.me\/SuriyeArapHaberAjans?fbclid=IwAR10ExTUh6_561Rc_oMN97dPHW681kpM72BzdWLLl3W-ZC4Dud2zSkdpsW8\" target=\"_blank\" rel=\"nofollow noopener\">https:\/\/t.me\/SuriyeArapHaberAjans<\/a><\/p>\n","protected":false},"excerpt":{"rendered":"<p>\u015eAM -Ula\u015ft\u0131rma Bakan\u0131 Z\u00fcheyr Hazim, Umman Sultanl\u0131\u011f\u0131&#8217;n\u0131n \u015eam B\u00fcy\u00fckel\u00e7isi Turki bin Mahmud Al Busaidi ile ikili ili\u015fkilerin geli\u015ftirilmesi ve iki \u00fclke aras\u0131nda imzalanan anla\u015fmalar\u0131n etkinle\u015ftirilmesi konular\u0131n\u0131 g\u00f6r\u00fc\u015ft\u00fc. G\u00f6r\u00fc\u015fmede, iki taraf hava ve deniz ta\u015f\u0131mac\u0131l\u0131\u011f\u0131 alan\u0131nda, \u00f6zellikle denizcilik sertifikalar\u0131n\u0131n tan\u0131nmas\u0131 alan\u0131nda \u00e7al\u0131\u015fmalar\u0131n geli\u015ftirilmesi konusunda mutab\u0131k kald\u0131. \u0130ki taraf, i\u015fadamlar\u0131 ile ekonomik ve ticari faaliyetler aras\u0131ndaki i\u015fbirli\u011fi &hellip;<\/p>\n","protected":false},"author":1,"featured_media":258448,"comment_status":"closed","ping_status":"closed","sticky":false,"template":"","format":"standard","meta":{"footnotes":""},"categories":[479,17988,478],"tags":[],"class_list":["post-258446","post","type-post","status-publish","format-standard","has-post-thumbnail","","category-haberler-yerel","category-son-haberler","category-yerel"],"_links":{"self":[{"href":"https:\/\/archive.sana.sy\/tr\/index.php?rest_route=\/wp\/v2\/posts\/258446","targetHints":{"allow":["GET"]}}],"collection":[{"href":"https:\/\/archive.sana.sy\/tr\/index.php?rest_route=\/wp\/v2\/posts"}],"about":[{"href":"https:\/\/archive.sana.sy\/tr\/index.php?rest_route=\/wp\/v2\/types\/post"}],"author":[{"embeddable":true,"href":"https:\/\/archive.sana.sy\/tr\/index.php?rest_route=\/wp\/v2\/users\/1"}],"replies":[{"embeddable":true,"href":"https:\/\/archive.sana.sy\/tr\/index.php?rest_route=%2Fwp%2Fv2%2Fcomments&post=258446"}],"version-history":[{"count":0,"href":"https:\/\/archive.sana.sy\/tr\/index.php?rest_route=\/wp\/v2\/posts\/258446\/revisions"}],"wp:featuredmedia":[{"embeddable":true,"href":"https:\/\/archive.sana.sy\/tr\/index.php?rest_route=\/wp\/v2\/media\/258448"}],"wp:attachment":[{"href":"https:\/\/archive.sana.sy\/tr\/index.php?rest_route=%2Fwp%2Fv2%2Fmedia&parent=258446"}],"wp:term":[{"taxonomy":"category","embeddable":true,"href":"https:\/\/archive.sana.sy\/tr\/index.php?rest_route=%2Fwp%2Fv2%2Fcategories&post=258446"},{"taxonomy":"post_tag","embeddable":true,"href":"https:\/\/archive.sana.sy\/tr\/index.php?rest_route=%2Fwp%2Fv2%2Ftags&post=258446"}],"curies":[{"name":"wp","href":"https:\/\/api.w.org\/{rel}","templated":true}]}}