{"id":258450,"date":"2022-07-07T12:14:38","date_gmt":"2022-07-07T09:14:38","guid":{"rendered":"http:\/\/107.6.182.27\/tr\/?p=258450"},"modified":"2022-07-08T08:57:27","modified_gmt":"2022-07-08T05:57:27","slug":"kultur-bakani-abhaz-mevkidasiyla-kulturel-isbirliginin-yollarini-tartisti","status":"publish","type":"post","link":"https:\/\/archive.sana.sy\/tr\/?p=258450","title":{"rendered":"K\u00fclt\u00fcr Bakan\u0131 Abhaz Mevkida\u015f\u0131yla K\u00fclt\u00fcrel \u0130\u015fbirli\u011finin Yollar\u0131n\u0131 Tart\u0131\u015ft\u0131"},"content":{"rendered":"<p>\u015eAM \u2013 K\u00fclt\u00fcr Bakan\u0131 Dr. Lubana Ma\u015f\u015fuh, Abhazya Cumhuriyeti K\u00fclt\u00fcr Bakan\u0131 Davur Kofyeh ile iki dost \u00fclke aras\u0131ndaki k\u00fclt\u00fcrel i\u015fbirli\u011fi yollar\u0131n\u0131 g\u00f6r\u00fc\u015ft\u00fc.<\/p>\n<p>\u0130ki taraf, video arac\u0131l\u0131\u011f\u0131yla ger\u00e7ekle\u015fen g\u00f6r\u00fc\u015fmenin, iki dost \u00fclke aras\u0131nda bir\u00e7ok ortak noktaya sahip k\u00fclt\u00fcrel ili\u015fkilerin harekete ge\u00e7irilmesi a\u00e7\u0131s\u0131ndan \u00f6zel bir \u00f6neme sahip oldu\u011funa dikkat \u00e7ekti.<img loading=\"lazy\" decoding=\"async\" class=\"size-full wp-image-258451 alignright\" src=\"http:\/\/107.6.182.27\/tr\/wp-content\/uploads\/2022\/07\/7-16-300x173-1.jpg\" alt=\"\" width=\"300\" height=\"173\" srcset=\"https:\/\/archive.sana.sy\/tr\/wp-content\/uploads\/2022\/07\/7-16-300x173-1.jpg 300w, https:\/\/archive.sana.sy\/tr\/wp-content\/uploads\/2022\/07\/7-16-300x173-1-150x87.jpg 150w\" sizes=\"auto, (max-width: 300px) 100vw, 300px\" \/><\/p>\n<p>\u0130ki bakan, Abhazya&#8217;da Suriye sinemas\u0131 performanslar\u0131 sunma ve Suriye&#8217;de Abhaz halk ve m\u00fczik gruplar\u0131na ev sahipli\u011fi yapma, her iki \u00fclkede haftalar ve k\u00fclt\u00fcrel g\u00fcnler al\u0131\u015fveri\u015finde bulunma olas\u0131l\u0131\u011f\u0131n\u0131 da tart\u0131\u015ft\u0131.<\/p>\n<p>Abhazya K\u00fclt\u00fcr Bakan\u0131, duru\u015fu ve Abhazya Cumhuriyeti&#8217;nin ba\u011f\u0131ms\u0131zl\u0131\u011f\u0131n\u0131 tan\u0131mas\u0131 nedeniyle Suriye liderli\u011fine ve halk\u0131na te\u015fekk\u00fcr etti.<\/p>\n<p><a class=\"oajrlxb2 g5ia77u1 qu0x051f esr5mh6w e9989ue4 r7d6kgcz rq0escxv nhd2j8a9 nc684nl6 p7hjln8o kvgmc6g5 cxmmr5t8 oygrvhab hcukyx3x jb3vyjys rz4wbd8a qt6c0cv9 a8nywdso i1ao9s8h esuyzwwr f1sip0of lzcic4wl gpro0wi8 q66pz984 b1v8xokw\" tabindex=\"0\" role=\"link\" href=\"https:\/\/www.facebook.com\/hashtag\/telegram_kanal%C4%B1m%C4%B1z?__eep__=6&amp;__cft__[0]=AZXjH4pYUiFP27BNzq59yXi82kMqaseqFxvafUfQ9VJSThyLFbdga4Txzo7OAE57V00tZoPksZyQDIn5PPpXMnVAwLRx0oxzHoNlpZ8PfZmIo1bIXNSlDr_EgzLR1K3CSmAITtN13UQQxa1_Q1iyaCGOwQVfiaWFRbsowZl5pW1B0g&amp;__tn__=*NK-R\">#Telegram_Kanal\u0131m\u0131z<\/a>: <a class=\"oajrlxb2 g5ia77u1 qu0x051f esr5mh6w e9989ue4 r7d6kgcz rq0escxv nhd2j8a9 nc684nl6 p7hjln8o kvgmc6g5 cxmmr5t8 oygrvhab hcukyx3x jb3vyjys rz4wbd8a qt6c0cv9 a8nywdso i1ao9s8h esuyzwwr f1sip0of lzcic4wl gpro0wi8 py34i1dx\" tabindex=\"0\" role=\"link\" href=\"https:\/\/t.me\/SuriyeArapHaberAjans?fbclid=IwAR10ExTUh6_561Rc_oMN97dPHW681kpM72BzdWLLl3W-ZC4Dud2zSkdpsW8\" target=\"_blank\" rel=\"nofollow noopener\">https:\/\/t.me\/SuriyeArapHaberAjans<\/a><\/p>\n","protected":false},"excerpt":{"rendered":"<p>\u015eAM \u2013 K\u00fclt\u00fcr Bakan\u0131 Dr. Lubana Ma\u015f\u015fuh, Abhazya Cumhuriyeti K\u00fclt\u00fcr Bakan\u0131 Davur Kofyeh ile iki dost \u00fclke aras\u0131ndaki k\u00fclt\u00fcrel i\u015fbirli\u011fi yollar\u0131n\u0131 g\u00f6r\u00fc\u015ft\u00fc. \u0130ki taraf, video arac\u0131l\u0131\u011f\u0131yla ger\u00e7ekle\u015fen g\u00f6r\u00fc\u015fmenin, iki dost \u00fclke aras\u0131nda bir\u00e7ok ortak noktaya sahip k\u00fclt\u00fcrel ili\u015fkilerin harekete ge\u00e7irilmesi a\u00e7\u0131s\u0131ndan \u00f6zel bir \u00f6neme sahip oldu\u011funa dikkat \u00e7ekti. \u0130ki bakan, Abhazya&#8217;da Suriye sinemas\u0131 performanslar\u0131 sunma &hellip;<\/p>\n","protected":false},"author":39,"featured_media":258452,"comment_status":"closed","ping_status":"closed","sticky":false,"template":"","format":"standard","meta":{"footnotes":""},"categories":[479,17988,478],"tags":[],"class_list":["post-258450","post","type-post","status-publish","format-standard","has-post-thumbnail","","category-haberler-yerel","category-son-haberler","category-yerel"],"_links":{"self":[{"href":"https:\/\/archive.sana.sy\/tr\/index.php?rest_route=\/wp\/v2\/posts\/258450","targetHints":{"allow":["GET"]}}],"collection":[{"href":"https:\/\/archive.sana.sy\/tr\/index.php?rest_route=\/wp\/v2\/posts"}],"about":[{"href":"https:\/\/archive.sana.sy\/tr\/index.php?rest_route=\/wp\/v2\/types\/post"}],"author":[{"embeddable":true,"href":"https:\/\/archive.sana.sy\/tr\/index.php?rest_route=\/wp\/v2\/users\/39"}],"replies":[{"embeddable":true,"href":"https:\/\/archive.sana.sy\/tr\/index.php?rest_route=%2Fwp%2Fv2%2Fcomments&post=258450"}],"version-history":[{"count":0,"href":"https:\/\/archive.sana.sy\/tr\/index.php?rest_route=\/wp\/v2\/posts\/258450\/revisions"}],"wp:featuredmedia":[{"embeddable":true,"href":"https:\/\/archive.sana.sy\/tr\/index.php?rest_route=\/wp\/v2\/media\/258452"}],"wp:attachment":[{"href":"https:\/\/archive.sana.sy\/tr\/index.php?rest_route=%2Fwp%2Fv2%2Fmedia&parent=258450"}],"wp:term":[{"taxonomy":"category","embeddable":true,"href":"https:\/\/archive.sana.sy\/tr\/index.php?rest_route=%2Fwp%2Fv2%2Fcategories&post=258450"},{"taxonomy":"post_tag","embeddable":true,"href":"https:\/\/archive.sana.sy\/tr\/index.php?rest_route=%2Fwp%2Fv2%2Ftags&post=258450"}],"curies":[{"name":"wp","href":"https:\/\/api.w.org\/{rel}","templated":true}]}}