{"id":258472,"date":"2022-07-06T15:06:29","date_gmt":"2022-07-06T12:06:29","guid":{"rendered":"http:\/\/107.6.182.27\/tr\/?p=258472"},"modified":"2022-07-08T08:56:06","modified_gmt":"2022-07-08T05:56:06","slug":"yerel-yonetim-ve-cevre-bakanligi-ile-fao-arasinda-isbirligi-ve-deneyim-alisverisi-ele-alindi","status":"publish","type":"post","link":"https:\/\/archive.sana.sy\/tr\/?p=258472","title":{"rendered":"Yerel Y\u00f6netim Ve \u00c7evre Bakanl\u0131\u011f\u0131 \u0130le FAO Aras\u0131nda \u0130\u015fbirli\u011fi Ve Deneyim Al\u0131\u015fveri\u015fi Ele Al\u0131nd\u0131"},"content":{"rendered":"<p>\u015eAM &#8211; Yerel Y\u00f6netim ve \u00c7evre Bakan\u0131 M\u00fch. H\u00fcseyin Mahluf, Birle\u015fmi\u015f Milletler G\u0131da ve Tar\u0131m \u00d6rg\u00fct\u00fcn\u00fcn \u201cFAO\u201d Kahire&#8217;deki B\u00f6lge Ofisi&#8217;nden Yak\u0131n Do\u011fu ve Kuzey Afrika&#8217;da b\u00f6lgesel proje y\u00f6netimi alan\u0131ndaki Programlar Direkt\u00f6r\u00fc Jean-Marc Goures ve beraberindeki heyet ile, \u00e7evre alan\u0131nda iki taraf aras\u0131nda mevcut i\u015fbirli\u011fini geli\u015ftirmenin yollar\u0131 ve su ve sulama projeleri sekt\u00f6r\u00fc i\u00e7in gerekli deste\u011fi sa\u011flama imkan\u0131 konular\u0131n\u0131 g\u00f6r\u00fc\u015ft\u00fc.<\/p>\n<p>Toplant\u0131da Mahluf, Do\u011fu Guta&#8217;daki yerel halk\u0131n iklim de\u011fi\u015fiklikleri ve su k\u0131tl\u0131klar\u0131yla y\u00fczle\u015fme kapasitesini, do\u011fal kaynaklar\u0131n entegre y\u00f6netimi ve \u015fu anda Guta&#8217;da FAO ve Birle\u015fmi\u015f Milletler \u0130nsan Yerle\u015fimleri Program\u0131, Habitat ve Kalk\u0131nma \u201cUNDP\u201d, Tar\u0131m ve Su Kaynaklar\u0131 Bakanl\u0131klar\u0131, Planlama ve Uluslararas\u0131 \u0130\u015fbirli\u011fi Kurumu ve Guta&#8217;daki yerel halk ile ortak i\u015fbirli\u011fi i\u00e7inde uygulanmakta olan acil uyum m\u00fcdahaleleri yoluyla g\u00fc\u00e7lendirme projesinin \u00f6nemine dikkat \u00e7ekti.<\/p>\n<p>Mahluf, projenin h\u00fck\u00fcmet kurumlar\u0131n\u0131n, yerel topluluklar\u0131n ve en savunmas\u0131z gruplar\u0131n kapasitelerini geli\u015ftirmeyi ve art\u0131rmay\u0131 ve iklim de\u011fi\u015fiklikleriyle y\u00fczle\u015febilmek i\u00e7in ba\u015fta su ve toprak olmak \u00fczere do\u011fal kaynaklar\u0131 etkin ve s\u00fcrd\u00fcr\u00fclebilir bir \u015fekilde de\u011ferlendirmeyi ama\u00e7lad\u0131\u011f\u0131n\u0131 a\u00e7\u0131klad\u0131.<\/p>\n<p>Mahluf, do\u011fal kaynaklar\u0131n korunmas\u0131n\u0131 ve kaynaklar\u0131n\u0131n s\u00fcrd\u00fcr\u00fclebilirli\u011fini sa\u011flamak i\u00e7in deneyim ve tecr\u00fcbe al\u0131\u015fveri\u015fine ek olarak, s\u0131n\u0131rlar\u0131 a\u015farken bu fenomeni ele almak i\u00e7in ulusal makamlarla entegrasyonu sa\u011flamak i\u00e7in toz ve kum f\u0131rt\u0131nalar\u0131n\u0131 azaltmak ve fenomene yan\u0131t vermek veya fenomeni s\u0131n\u0131rlamak i\u00e7in yerel veya b\u00f6lgesel projelerin uygulanmas\u0131nda i\u015fbirli\u011fine ihtiya\u00e7 oldu\u011funu belirtti.<\/p>\n<p>Kendi y\u00f6n\u00fcnden Goris, kendi ad\u0131na su, \u00e7evre, tar\u0131m ve sulama sekt\u00f6rleri aras\u0131nda bir ba\u011flant\u0131 oldu\u011funa dikkat \u00e7ekerek, tar\u0131m ve su kaynaklar\u0131n\u0131n s\u00fcrd\u00fcr\u00fclebilirli\u011fini sa\u011flamak ve \u00e7evrenin geni\u015fletilmesi yoluyla \u00e7evreyi korumak i\u00e7in aralar\u0131nda koordinasyonun gerekli oldu\u011funu belirtti.<\/p>\n<p><a class=\"oajrlxb2 g5ia77u1 qu0x051f esr5mh6w e9989ue4 r7d6kgcz rq0escxv nhd2j8a9 nc684nl6 p7hjln8o kvgmc6g5 cxmmr5t8 oygrvhab hcukyx3x jb3vyjys rz4wbd8a qt6c0cv9 a8nywdso i1ao9s8h esuyzwwr f1sip0of lzcic4wl gpro0wi8 q66pz984 b1v8xokw\" tabindex=\"0\" role=\"link\" href=\"https:\/\/www.facebook.com\/hashtag\/telegram_kanal%C4%B1m%C4%B1z?__eep__=6&amp;__cft__[0]=AZXjH4pYUiFP27BNzq59yXi82kMqaseqFxvafUfQ9VJSThyLFbdga4Txzo7OAE57V00tZoPksZyQDIn5PPpXMnVAwLRx0oxzHoNlpZ8PfZmIo1bIXNSlDr_EgzLR1K3CSmAITtN13UQQxa1_Q1iyaCGOwQVfiaWFRbsowZl5pW1B0g&amp;__tn__=*NK-R\">#Telegram_Kanal\u0131m\u0131z<\/a>: <a class=\"oajrlxb2 g5ia77u1 qu0x051f esr5mh6w e9989ue4 r7d6kgcz rq0escxv nhd2j8a9 nc684nl6 p7hjln8o kvgmc6g5 cxmmr5t8 oygrvhab hcukyx3x jb3vyjys rz4wbd8a qt6c0cv9 a8nywdso i1ao9s8h esuyzwwr f1sip0of lzcic4wl gpro0wi8 py34i1dx\" tabindex=\"0\" role=\"link\" href=\"https:\/\/t.me\/SuriyeArapHaberAjans?fbclid=IwAR10ExTUh6_561Rc_oMN97dPHW681kpM72BzdWLLl3W-ZC4Dud2zSkdpsW8\" target=\"_blank\" rel=\"nofollow noopener\">https:\/\/t.me\/SuriyeArapHaberAjans<\/a><\/p>\n","protected":false},"excerpt":{"rendered":"<p>\u015eAM &#8211; Yerel Y\u00f6netim ve \u00c7evre Bakan\u0131 M\u00fch. H\u00fcseyin Mahluf, Birle\u015fmi\u015f Milletler G\u0131da ve Tar\u0131m \u00d6rg\u00fct\u00fcn\u00fcn \u201cFAO\u201d Kahire&#8217;deki B\u00f6lge Ofisi&#8217;nden Yak\u0131n Do\u011fu ve Kuzey Afrika&#8217;da b\u00f6lgesel proje y\u00f6netimi alan\u0131ndaki Programlar Direkt\u00f6r\u00fc Jean-Marc Goures ve beraberindeki heyet ile, \u00e7evre alan\u0131nda iki taraf aras\u0131nda mevcut i\u015fbirli\u011fini geli\u015ftirmenin yollar\u0131 ve su ve sulama projeleri sekt\u00f6r\u00fc i\u00e7in gerekli deste\u011fi &hellip;<\/p>\n","protected":false},"author":1,"featured_media":258473,"comment_status":"closed","ping_status":"closed","sticky":false,"template":"","format":"standard","meta":{"footnotes":""},"categories":[479,17988,478],"tags":[],"class_list":["post-258472","post","type-post","status-publish","format-standard","has-post-thumbnail","","category-haberler-yerel","category-son-haberler","category-yerel"],"_links":{"self":[{"href":"https:\/\/archive.sana.sy\/tr\/index.php?rest_route=\/wp\/v2\/posts\/258472","targetHints":{"allow":["GET"]}}],"collection":[{"href":"https:\/\/archive.sana.sy\/tr\/index.php?rest_route=\/wp\/v2\/posts"}],"about":[{"href":"https:\/\/archive.sana.sy\/tr\/index.php?rest_route=\/wp\/v2\/types\/post"}],"author":[{"embeddable":true,"href":"https:\/\/archive.sana.sy\/tr\/index.php?rest_route=\/wp\/v2\/users\/1"}],"replies":[{"embeddable":true,"href":"https:\/\/archive.sana.sy\/tr\/index.php?rest_route=%2Fwp%2Fv2%2Fcomments&post=258472"}],"version-history":[{"count":0,"href":"https:\/\/archive.sana.sy\/tr\/index.php?rest_route=\/wp\/v2\/posts\/258472\/revisions"}],"wp:featuredmedia":[{"embeddable":true,"href":"https:\/\/archive.sana.sy\/tr\/index.php?rest_route=\/wp\/v2\/media\/258473"}],"wp:attachment":[{"href":"https:\/\/archive.sana.sy\/tr\/index.php?rest_route=%2Fwp%2Fv2%2Fmedia&parent=258472"}],"wp:term":[{"taxonomy":"category","embeddable":true,"href":"https:\/\/archive.sana.sy\/tr\/index.php?rest_route=%2Fwp%2Fv2%2Fcategories&post=258472"},{"taxonomy":"post_tag","embeddable":true,"href":"https:\/\/archive.sana.sy\/tr\/index.php?rest_route=%2Fwp%2Fv2%2Ftags&post=258472"}],"curies":[{"name":"wp","href":"https:\/\/api.w.org\/{rel}","templated":true}]}}