{"id":258475,"date":"2022-07-06T16:09:18","date_gmt":"2022-07-06T13:09:18","guid":{"rendered":"http:\/\/107.6.182.27\/tr\/?p=258475"},"modified":"2022-07-08T08:56:24","modified_gmt":"2022-07-08T05:56:24","slug":"258475","status":"publish","type":"post","link":"https:\/\/archive.sana.sy\/tr\/?p=258475","title":{"rendered":"Enformasyon Bakan\u0131, Bahreyn B\u00fcy\u00fckel\u00e7isi \u0130le \u0130ki \u00dclke Aras\u0131ndaki Medya \u0130\u015fbirli\u011fini Geli\u015ftirmenin Yollar\u0131n\u0131 G\u00f6r\u00fc\u015ft\u00fc"},"content":{"rendered":"<p>\u015eAM &#8211; Enformasyon Bakan\u0131 Dr. Butros Al Hallak bug\u00fcn Bahreyn Krall\u0131\u011f\u0131&#8217;n\u0131n Suriye Ola\u011fan\u00fcst\u00fc ve Tam Yetkili B\u00fcy\u00fckel\u00e7isi Vahid M\u00fcbarek Seyyar ile iki \u00fclke aras\u0131ndaki medya i\u015fbirli\u011fini geli\u015ftirmenin yollar\u0131n\u0131 g\u00f6r\u00fc\u015ft\u00fc.<img loading=\"lazy\" decoding=\"async\" class=\"size-full wp-image-258476 alignright\" src=\"http:\/\/107.6.182.27\/tr\/wp-content\/uploads\/2022\/07\/KIN_2456-300x198-1.jpg\" alt=\"\" width=\"300\" height=\"198\" srcset=\"https:\/\/archive.sana.sy\/tr\/wp-content\/uploads\/2022\/07\/KIN_2456-300x198-1.jpg 300w, https:\/\/archive.sana.sy\/tr\/wp-content\/uploads\/2022\/07\/KIN_2456-300x198-1-150x99.jpg 150w\" sizes=\"auto, (max-width: 300px) 100vw, 300px\" \/><\/p>\n<p>Bakanl\u0131k binas\u0131nda ger\u00e7ekle\u015ftirilen g\u00f6r\u00fc\u015fmede, iki taraf medya alan\u0131nda iki \u00fclke aras\u0131nda imzalanan mutabakat zapt\u0131&#8217;n\u0131 g\u00f6zden ge\u00e7irerek, Suriye Arap Haber Ajans\u0131 &#8220;SANA&#8221; ile Bahreyn Haber Ajans\u0131 aras\u0131nda, di\u011fer tarafta ise Radyo ve Televizyon Kamu Kurumu ile Bahreyn Enformasyon \u0130\u015fleri Kurumu aras\u0131nda imzalanan mutabakat muht\u0131ras\u0131n\u0131 harekete ge\u00e7irecek bir y\u00fcr\u00fctme program\u0131 geli\u015ftirmenin \u00f6nemini vurgulad\u0131.<\/p>\n<p>Her iki taraf, medya performans\u0131n\u0131 her d\u00fczeyde geli\u015ftirmek amac\u0131yla \u00e7e\u015fitli medya alanlar\u0131nda e\u011fitim ve deneyim al\u0131\u015fveri\u015finin \u00f6nemine dikkat \u00e7ekti.<\/p>\n<p><a class=\"oajrlxb2 g5ia77u1 qu0x051f esr5mh6w e9989ue4 r7d6kgcz rq0escxv nhd2j8a9 nc684nl6 p7hjln8o kvgmc6g5 cxmmr5t8 oygrvhab hcukyx3x jb3vyjys rz4wbd8a qt6c0cv9 a8nywdso i1ao9s8h esuyzwwr f1sip0of lzcic4wl gpro0wi8 q66pz984 b1v8xokw\" tabindex=\"0\" role=\"link\" href=\"https:\/\/www.facebook.com\/hashtag\/telegram_kanal%C4%B1m%C4%B1z?__eep__=6&amp;__cft__[0]=AZXjH4pYUiFP27BNzq59yXi82kMqaseqFxvafUfQ9VJSThyLFbdga4Txzo7OAE57V00tZoPksZyQDIn5PPpXMnVAwLRx0oxzHoNlpZ8PfZmIo1bIXNSlDr_EgzLR1K3CSmAITtN13UQQxa1_Q1iyaCGOwQVfiaWFRbsowZl5pW1B0g&amp;__tn__=*NK-R\">#Telegram_Kanal\u0131m\u0131z<\/a>: <a class=\"oajrlxb2 g5ia77u1 qu0x051f esr5mh6w e9989ue4 r7d6kgcz rq0escxv nhd2j8a9 nc684nl6 p7hjln8o kvgmc6g5 cxmmr5t8 oygrvhab hcukyx3x jb3vyjys rz4wbd8a qt6c0cv9 a8nywdso i1ao9s8h esuyzwwr f1sip0of lzcic4wl gpro0wi8 py34i1dx\" tabindex=\"0\" role=\"link\" href=\"https:\/\/t.me\/SuriyeArapHaberAjans?fbclid=IwAR10ExTUh6_561Rc_oMN97dPHW681kpM72BzdWLLl3W-ZC4Dud2zSkdpsW8\" target=\"_blank\" rel=\"nofollow noopener\">https:\/\/t.me\/SuriyeArapHaberAjans<\/a><\/p>\n<p>&nbsp;<\/p>\n","protected":false},"excerpt":{"rendered":"<p>\u015eAM &#8211; Enformasyon Bakan\u0131 Dr. Butros Al Hallak bug\u00fcn Bahreyn Krall\u0131\u011f\u0131&#8217;n\u0131n Suriye Ola\u011fan\u00fcst\u00fc ve Tam Yetkili B\u00fcy\u00fckel\u00e7isi Vahid M\u00fcbarek Seyyar ile iki \u00fclke aras\u0131ndaki medya i\u015fbirli\u011fini geli\u015ftirmenin yollar\u0131n\u0131 g\u00f6r\u00fc\u015ft\u00fc. Bakanl\u0131k binas\u0131nda ger\u00e7ekle\u015ftirilen g\u00f6r\u00fc\u015fmede, iki taraf medya alan\u0131nda iki \u00fclke aras\u0131nda imzalanan mutabakat zapt\u0131&#8217;n\u0131 g\u00f6zden ge\u00e7irerek, Suriye Arap Haber Ajans\u0131 &#8220;SANA&#8221; ile Bahreyn Haber Ajans\u0131 aras\u0131nda, &hellip;<\/p>\n","protected":false},"author":1,"featured_media":258477,"comment_status":"closed","ping_status":"closed","sticky":false,"template":"","format":"standard","meta":{"footnotes":""},"categories":[479,17988,478],"tags":[],"class_list":["post-258475","post","type-post","status-publish","format-standard","has-post-thumbnail","","category-haberler-yerel","category-son-haberler","category-yerel"],"_links":{"self":[{"href":"https:\/\/archive.sana.sy\/tr\/index.php?rest_route=\/wp\/v2\/posts\/258475","targetHints":{"allow":["GET"]}}],"collection":[{"href":"https:\/\/archive.sana.sy\/tr\/index.php?rest_route=\/wp\/v2\/posts"}],"about":[{"href":"https:\/\/archive.sana.sy\/tr\/index.php?rest_route=\/wp\/v2\/types\/post"}],"author":[{"embeddable":true,"href":"https:\/\/archive.sana.sy\/tr\/index.php?rest_route=\/wp\/v2\/users\/1"}],"replies":[{"embeddable":true,"href":"https:\/\/archive.sana.sy\/tr\/index.php?rest_route=%2Fwp%2Fv2%2Fcomments&post=258475"}],"version-history":[{"count":0,"href":"https:\/\/archive.sana.sy\/tr\/index.php?rest_route=\/wp\/v2\/posts\/258475\/revisions"}],"wp:featuredmedia":[{"embeddable":true,"href":"https:\/\/archive.sana.sy\/tr\/index.php?rest_route=\/wp\/v2\/media\/258477"}],"wp:attachment":[{"href":"https:\/\/archive.sana.sy\/tr\/index.php?rest_route=%2Fwp%2Fv2%2Fmedia&parent=258475"}],"wp:term":[{"taxonomy":"category","embeddable":true,"href":"https:\/\/archive.sana.sy\/tr\/index.php?rest_route=%2Fwp%2Fv2%2Fcategories&post=258475"},{"taxonomy":"post_tag","embeddable":true,"href":"https:\/\/archive.sana.sy\/tr\/index.php?rest_route=%2Fwp%2Fv2%2Ftags&post=258475"}],"curies":[{"name":"wp","href":"https:\/\/api.w.org\/{rel}","templated":true}]}}