{"id":258488,"date":"2022-07-06T17:20:53","date_gmt":"2022-07-06T14:20:53","guid":{"rendered":"http:\/\/107.6.182.27\/tr\/?p=258488"},"modified":"2022-07-08T08:56:29","modified_gmt":"2022-07-08T05:56:29","slug":"mikdad-cezayirli-mevkidasiyla-iki-kardes-ulke-arasinda-isbirligini-gelistirmenin-yollarini-gorustu","status":"publish","type":"post","link":"https:\/\/archive.sana.sy\/tr\/?p=258488","title":{"rendered":"Mikdad Cezayirli Mevkida\u015f\u0131yla \u0130ki Karde\u015f \u00dclke Aras\u0131nda \u0130\u015fbirli\u011fini Geli\u015ftirmenin Yollar\u0131n\u0131 G\u00f6r\u00fc\u015ft\u00fc"},"content":{"rendered":"<p>CEZAY\u0130R &#8211; D\u0131\u015fi\u015fleri ve Gurbet\u00e7iler Bakan\u0131 Dr. Faysal Mikdad bug\u00fcn ve Cezayir D\u0131\u015fi\u015fleri Bakan\u0131 Ramtan Lamamra ile iki karde\u015f \u00fclke Suriye ve Cezayir aras\u0131ndaki i\u015fbirli\u011fi mekanizmalar\u0131n\u0131 etkinle\u015ftirmenin ve geli\u015ftirmenin yollar\u0131n\u0131 ele ald\u0131.<\/p>\n<p>Toplant\u0131n\u0131n ba\u015f\u0131nda Dr. Mikdad, Cezayir&#8217;in ba\u011f\u0131ms\u0131zl\u0131\u011f\u0131n\u0131n 60. y\u0131ld\u00f6n\u00fcm\u00fc vesilesiyle Lamamra&#8217;ya Suriye y\u00f6netimi ve halk\u0131n\u0131n Cezayir&#8217;e, liderlere ve halk\u0131na tebriklerini iletti.<\/p>\n<p>Dr. Mikdad, t\u00fcm Arap \u00fclkelerinin kar\u015f\u0131 kar\u015f\u0131ya oldu\u011fu zorluklar\u0131 yenmek i\u00e7in ortak Arap eylemini canland\u0131rmak amac\u0131yla Suriye arenas\u0131ndaki durumu ve kendisine dayat\u0131lan uluslararas\u0131 insanc\u0131l hukukla, Suriye&#8217;nin Arap-Arap ili\u015fkileri vizyonuyla tutars\u0131z olan ahlaks\u0131z tek tarafl\u0131 zorlay\u0131c\u0131 \u00f6nlemleri sundu..<\/p>\n<p>Kendi y\u00f6n\u00fcnden Lamamra ise Cezayir h\u00fck\u00fcmetinin iki karde\u015f \u00fclke aras\u0131nda her alanda i\u015fbirli\u011fi ve koordinasyon mekanizmalar\u0131n\u0131 harekete ge\u00e7irmeye ve harekete ge\u00e7irmeye haz\u0131r oldu\u011funu ifade etti.<\/p>\n<p>\u0130ki bakan, Arap, b\u00f6lgesel ve uluslararas\u0131 arenadaki duruma ve \u00e7e\u015fitli a\u00e7\u0131lardan ikili ili\u015fkilerin ger\u00e7ekli\u011fine de de\u011findi, \u00e7\u00fcnk\u00fc her d\u00fczeyde ikili \u00e7al\u0131\u015fman\u0131n h\u0131z\u0131n\u0131 ilerletmek i\u00e7in ortak mekanizmalar bulma konusunda mutab\u0131k kal\u0131nd\u0131<\/p>\n<p><a class=\"oajrlxb2 g5ia77u1 qu0x051f esr5mh6w e9989ue4 r7d6kgcz rq0escxv nhd2j8a9 nc684nl6 p7hjln8o kvgmc6g5 cxmmr5t8 oygrvhab hcukyx3x jb3vyjys rz4wbd8a qt6c0cv9 a8nywdso i1ao9s8h esuyzwwr f1sip0of lzcic4wl gpro0wi8 q66pz984 b1v8xokw\" tabindex=\"0\" role=\"link\" href=\"https:\/\/www.facebook.com\/hashtag\/telegram_kanal%C4%B1m%C4%B1z?__eep__=6&amp;__cft__[0]=AZV_F0E4EaRF-XD8zaykKI0v0SwzyPEr7vnhJTCHo_10v5bnIBJFkkpTSg0iWrgafnDJbHz0L-BtOa-hVIVLovj82A2cJzLFB6sffRVbiI1_NwqqBaepVwiUcH2v46Gyb8iEchR3uW2iBjIbYkommRE1wfnUFNv1c3B9Se-fac-SnQ&amp;__tn__=*NK-R\">#Telegram_Kanal\u0131m\u0131z<\/a>: <a class=\"oajrlxb2 g5ia77u1 qu0x051f esr5mh6w e9989ue4 r7d6kgcz rq0escxv nhd2j8a9 nc684nl6 p7hjln8o kvgmc6g5 cxmmr5t8 oygrvhab hcukyx3x jb3vyjys rz4wbd8a qt6c0cv9 a8nywdso i1ao9s8h esuyzwwr f1sip0of lzcic4wl gpro0wi8 py34i1dx\" tabindex=\"0\" role=\"link\" href=\"https:\/\/t.me\/SuriyeArapHaberAjans?fbclid=IwAR1BvUuqaCKM1VdIg6K6bf1yHWQHQ3pphT34Wt1RM6zCzaLq-KaJRPjzYhY\" target=\"_blank\" rel=\"nofollow noopener\">https:\/\/t.me\/SuriyeArapHaberAjans<\/a><\/p>\n","protected":false},"excerpt":{"rendered":"<p>CEZAY\u0130R &#8211; D\u0131\u015fi\u015fleri ve Gurbet\u00e7iler Bakan\u0131 Dr. Faysal Mikdad bug\u00fcn ve Cezayir D\u0131\u015fi\u015fleri Bakan\u0131 Ramtan Lamamra ile iki karde\u015f \u00fclke Suriye ve Cezayir aras\u0131ndaki i\u015fbirli\u011fi mekanizmalar\u0131n\u0131 etkinle\u015ftirmenin ve geli\u015ftirmenin yollar\u0131n\u0131 ele ald\u0131. Toplant\u0131n\u0131n ba\u015f\u0131nda Dr. Mikdad, Cezayir&#8217;in ba\u011f\u0131ms\u0131zl\u0131\u011f\u0131n\u0131n 60. y\u0131ld\u00f6n\u00fcm\u00fc vesilesiyle Lamamra&#8217;ya Suriye y\u00f6netimi ve halk\u0131n\u0131n Cezayir&#8217;e, liderlere ve halk\u0131na tebriklerini iletti. Dr. Mikdad, t\u00fcm &hellip;<\/p>\n","protected":false},"author":1,"featured_media":258489,"comment_status":"closed","ping_status":"closed","sticky":false,"template":"","format":"standard","meta":{"footnotes":""},"categories":[458,459,17988],"tags":[],"class_list":["post-258488","post","type-post","status-publish","format-standard","has-post-thumbnail","","category-dunya1","category-haberler-arap-uluslararasi-politika","category-son-haberler"],"_links":{"self":[{"href":"https:\/\/archive.sana.sy\/tr\/index.php?rest_route=\/wp\/v2\/posts\/258488","targetHints":{"allow":["GET"]}}],"collection":[{"href":"https:\/\/archive.sana.sy\/tr\/index.php?rest_route=\/wp\/v2\/posts"}],"about":[{"href":"https:\/\/archive.sana.sy\/tr\/index.php?rest_route=\/wp\/v2\/types\/post"}],"author":[{"embeddable":true,"href":"https:\/\/archive.sana.sy\/tr\/index.php?rest_route=\/wp\/v2\/users\/1"}],"replies":[{"embeddable":true,"href":"https:\/\/archive.sana.sy\/tr\/index.php?rest_route=%2Fwp%2Fv2%2Fcomments&post=258488"}],"version-history":[{"count":0,"href":"https:\/\/archive.sana.sy\/tr\/index.php?rest_route=\/wp\/v2\/posts\/258488\/revisions"}],"wp:featuredmedia":[{"embeddable":true,"href":"https:\/\/archive.sana.sy\/tr\/index.php?rest_route=\/wp\/v2\/media\/258489"}],"wp:attachment":[{"href":"https:\/\/archive.sana.sy\/tr\/index.php?rest_route=%2Fwp%2Fv2%2Fmedia&parent=258488"}],"wp:term":[{"taxonomy":"category","embeddable":true,"href":"https:\/\/archive.sana.sy\/tr\/index.php?rest_route=%2Fwp%2Fv2%2Fcategories&post=258488"},{"taxonomy":"post_tag","embeddable":true,"href":"https:\/\/archive.sana.sy\/tr\/index.php?rest_route=%2Fwp%2Fv2%2Ftags&post=258488"}],"curies":[{"name":"wp","href":"https:\/\/api.w.org\/{rel}","templated":true}]}}