{"id":258491,"date":"2022-07-06T19:24:15","date_gmt":"2022-07-06T16:24:15","guid":{"rendered":"http:\/\/107.6.182.27\/tr\/?p=258491"},"modified":"2022-07-08T08:56:45","modified_gmt":"2022-07-08T05:56:45","slug":"israilin-kunaytra-kirsali-hadar-beldesine-fuze-saldirisi-sonucu-bir-sivil-hayatini-kaybetti","status":"publish","type":"post","link":"https:\/\/archive.sana.sy\/tr\/?p=258491","title":{"rendered":"\u0130srail&#8217;in Kunaytra K\u0131rsal\u0131 Hadar Beldesine F\u00fcze Sald\u0131r\u0131s\u0131 Sonucu Bir Sivil Hayat\u0131n\u0131 Kaybetti"},"content":{"rendered":"<p>KUNAYTRA &#8211; Kunaytra k\u0131rsal\u0131 Hadar beldesinin bat\u0131s\u0131ndaki Al Marc b\u00f6lgesine y\u00f6nelik \u0130srail&#8217;in f\u00fcze sald\u0131r\u0131s\u0131 sonucu bir vatanda\u015f \u015fehit d\u00fc\u015ft\u00fc.<\/p>\n<p>SANA&#8217;n\u0131n Kunaytra muhabiri, vatabda\u015f\u0131n Hadar beldesinin bat\u0131s\u0131ndaki Al Marc b\u00f6lgesinde evinin yak\u0131n\u0131ndayken d\u00fc\u015fman \u0130srail&#8217;in i\u015fgal edilen Golan&#8217;daki i\u015fgal mevkilerinden birinden f\u0131rlat\u0131lan g\u00fcd\u00fcml\u00fc f\u00fcze ile \u015fehit oldu\u011funu bildirdi.<\/p>\n<p>\u015eehit Memduh Abaza Hastanesi M\u00fcd\u00fcr\u00fc Dr. Be\u015f\u015far Halava, muhabire yapt\u0131\u011f\u0131 a\u00e7\u0131klamada, elli ya\u015flar\u0131nda bir vatanda\u015f\u0131n hastanenin ambulans b\u00f6l\u00fcm\u00fcne vefat etmi\u015f \u015fekilde, v\u00fccudunun her yerinde \u015farapnel yaralar\u0131 ve \u00f6l\u00fcm\u00fcne yol a\u00e7an yaralarla geldi\u011fini belirtti.<\/p>\n<p><a class=\"oajrlxb2 g5ia77u1 qu0x051f esr5mh6w e9989ue4 r7d6kgcz rq0escxv nhd2j8a9 nc684nl6 p7hjln8o kvgmc6g5 cxmmr5t8 oygrvhab hcukyx3x jb3vyjys rz4wbd8a qt6c0cv9 a8nywdso i1ao9s8h esuyzwwr f1sip0of lzcic4wl gpro0wi8 q66pz984 b1v8xokw\" tabindex=\"0\" role=\"link\" href=\"https:\/\/www.facebook.com\/hashtag\/telegram_kanal%C4%B1m%C4%B1z?__eep__=6&amp;__cft__[0]=AZV_F0E4EaRF-XD8zaykKI0v0SwzyPEr7vnhJTCHo_10v5bnIBJFkkpTSg0iWrgafnDJbHz0L-BtOa-hVIVLovj82A2cJzLFB6sffRVbiI1_NwqqBaepVwiUcH2v46Gyb8iEchR3uW2iBjIbYkommRE1wfnUFNv1c3B9Se-fac-SnQ&amp;__tn__=*NK-R\">#Telegram_Kanal\u0131m\u0131z<\/a>: <a class=\"oajrlxb2 g5ia77u1 qu0x051f esr5mh6w e9989ue4 r7d6kgcz rq0escxv nhd2j8a9 nc684nl6 p7hjln8o kvgmc6g5 cxmmr5t8 oygrvhab hcukyx3x jb3vyjys rz4wbd8a qt6c0cv9 a8nywdso i1ao9s8h esuyzwwr f1sip0of lzcic4wl gpro0wi8 py34i1dx\" tabindex=\"0\" role=\"link\" href=\"https:\/\/t.me\/SuriyeArapHaberAjans?fbclid=IwAR1BvUuqaCKM1VdIg6K6bf1yHWQHQ3pphT34Wt1RM6zCzaLq-KaJRPjzYhY\" target=\"_blank\" rel=\"nofollow noopener\">https:\/\/t.me\/SuriyeArapHaberAjans<\/a><\/p>\n","protected":false},"excerpt":{"rendered":"<p>KUNAYTRA &#8211; Kunaytra k\u0131rsal\u0131 Hadar beldesinin bat\u0131s\u0131ndaki Al Marc b\u00f6lgesine y\u00f6nelik \u0130srail&#8217;in f\u00fcze sald\u0131r\u0131s\u0131 sonucu bir vatanda\u015f \u015fehit d\u00fc\u015ft\u00fc. SANA&#8217;n\u0131n Kunaytra muhabiri, vatabda\u015f\u0131n Hadar beldesinin bat\u0131s\u0131ndaki Al Marc b\u00f6lgesinde evinin yak\u0131n\u0131ndayken d\u00fc\u015fman \u0130srail&#8217;in i\u015fgal edilen Golan&#8217;daki i\u015fgal mevkilerinden birinden f\u0131rlat\u0131lan g\u00fcd\u00fcml\u00fc f\u00fcze ile \u015fehit oldu\u011funu bildirdi. \u015eehit Memduh Abaza Hastanesi M\u00fcd\u00fcr\u00fc Dr. Be\u015f\u015far Halava, muhabire &hellip;<\/p>\n","protected":false},"author":1,"featured_media":258492,"comment_status":"closed","ping_status":"closed","sticky":false,"template":"","format":"standard","meta":{"footnotes":""},"categories":[479,575,17988,478],"tags":[],"class_list":["post-258491","post","type-post","status-publish","format-standard","has-post-thumbnail","","category-haberler-yerel","category-olaylar-ve-gercekler","category-son-haberler","category-yerel"],"_links":{"self":[{"href":"https:\/\/archive.sana.sy\/tr\/index.php?rest_route=\/wp\/v2\/posts\/258491","targetHints":{"allow":["GET"]}}],"collection":[{"href":"https:\/\/archive.sana.sy\/tr\/index.php?rest_route=\/wp\/v2\/posts"}],"about":[{"href":"https:\/\/archive.sana.sy\/tr\/index.php?rest_route=\/wp\/v2\/types\/post"}],"author":[{"embeddable":true,"href":"https:\/\/archive.sana.sy\/tr\/index.php?rest_route=\/wp\/v2\/users\/1"}],"replies":[{"embeddable":true,"href":"https:\/\/archive.sana.sy\/tr\/index.php?rest_route=%2Fwp%2Fv2%2Fcomments&post=258491"}],"version-history":[{"count":0,"href":"https:\/\/archive.sana.sy\/tr\/index.php?rest_route=\/wp\/v2\/posts\/258491\/revisions"}],"wp:featuredmedia":[{"embeddable":true,"href":"https:\/\/archive.sana.sy\/tr\/index.php?rest_route=\/wp\/v2\/media\/258492"}],"wp:attachment":[{"href":"https:\/\/archive.sana.sy\/tr\/index.php?rest_route=%2Fwp%2Fv2%2Fmedia&parent=258491"}],"wp:term":[{"taxonomy":"category","embeddable":true,"href":"https:\/\/archive.sana.sy\/tr\/index.php?rest_route=%2Fwp%2Fv2%2Fcategories&post=258491"},{"taxonomy":"post_tag","embeddable":true,"href":"https:\/\/archive.sana.sy\/tr\/index.php?rest_route=%2Fwp%2Fv2%2Ftags&post=258491"}],"curies":[{"name":"wp","href":"https:\/\/api.w.org\/{rel}","templated":true}]}}