{"id":258497,"date":"2022-07-06T13:40:17","date_gmt":"2022-07-06T10:40:17","guid":{"rendered":"http:\/\/107.6.182.27\/tr\/?p=258497"},"modified":"2022-07-08T08:56:00","modified_gmt":"2022-07-08T05:56:00","slug":"venezuella-buyukelciliginde-bagimsizliginin-yil-donumu-munasebetiyle-resepsiyonda-gomez-suriye-ve-venezuella-iki-halk-tek-yurek","status":"publish","type":"post","link":"https:\/\/archive.sana.sy\/tr\/?p=258497","title":{"rendered":"Venez\u00fcella B\u00fcy\u00fckel\u00e7ili\u011fi&#8217;nde Ba\u011f\u0131ms\u0131zl\u0131\u011f\u0131n\u0131n Y\u0131l D\u00f6n\u00fcm\u00fc M\u00fcnasebetiyle Resepsiyonda Gomez: Suriye ve Venez\u00fcella \u0130ki Halk Tek Y\u00fcrek"},"content":{"rendered":"<p>\u015eAM &#8211; Bolivarc\u0131 Venez\u00fcella Cumhuriyeti&#8217;nin \u015eam&#8217;daki B\u00fcy\u00fckel\u00e7ili\u011fi, ba\u011f\u0131ms\u0131zl\u0131\u011f\u0131n\u0131n 211&#8217;inci y\u0131ld\u00f6n\u00fcm\u00fc m\u00fcnasebetiyle \u015eam&#8217;daki b\u00fcy\u00fckel\u00e7ilik merkezinde bir resepsiyon d\u00fczenledi.<\/p>\n<p>Bolivarc\u0131 Venez\u00fcella Cumhuriyeti&#8217;nin Suriye B\u00fcy\u00fckel\u00e7ili\u011fi Maslahatg\u00fczar\u0131 Joaquin Gomez yapt\u0131\u011f\u0131 konu\u015fmada, \u00fclkesinin dostlar\u0131n\u0131n bu kutlamaya kat\u0131l\u0131m\u0131n\u0131n Venez\u00fcella ile olan karde\u015flik ve yak\u0131n dostluk ba\u011flar\u0131n\u0131n ve zor zamanlardaki deste\u011finin kan\u0131t\u0131 oldu\u011funu vurgulad\u0131.<img loading=\"lazy\" decoding=\"async\" class=\"size-full wp-image-258498 alignright\" src=\"http:\/\/107.6.182.27\/tr\/wp-content\/uploads\/2022\/07\/DSC_2381-300x180-1.jpg\" alt=\"\" width=\"300\" height=\"180\" srcset=\"https:\/\/archive.sana.sy\/tr\/wp-content\/uploads\/2022\/07\/DSC_2381-300x180-1.jpg 300w, https:\/\/archive.sana.sy\/tr\/wp-content\/uploads\/2022\/07\/DSC_2381-300x180-1-150x90.jpg 150w\" sizes=\"auto, (max-width: 300px) 100vw, 300px\" \/><\/p>\n<p>Gomez, Suriye ve Venez\u00fcella&#8217;n\u0131n iki halk ve tek y\u00fcrek oldu\u011funa ve stratejik dostluklar\u0131ndan gurur duyduklar\u0131na, \u00e7\u00fcnk\u00fc d\u00fcnyadaki t\u00fcm hakl\u0131 davalar\u0131n gururunu, cesaretini ve kal\u0131c\u0131 savunmas\u0131n\u0131 payla\u015ft\u0131klar\u0131na dikkat \u00e7ekti.<\/p>\n<p>Gomez, b\u00fcy\u00fckel\u00e7ili\u011fin S\u00fcveyda, Halep ve Tartus&#8217;taki Venez\u00fcella topluluklar\u0131 ile birlikte, \u0130spanyol dilini yayma ve \u00f6\u011fretme projesi ve Venez\u00fcella-Suriye ba\u011flar\u0131n\u0131 g\u00fc\u00e7lendirmeye y\u00f6nelik sosyal ve k\u00fclt\u00fcrel projeler de dahil olmak \u00fczere \u00e7e\u015fitli projeleri uygulamak i\u00e7in \u00e7al\u0131\u015ft\u0131\u011f\u0131n\u0131 belirtti.<\/p>\n<p>Gomez, Suriye h\u00fck\u00fcmetinin, ordusunun ve halk\u0131n\u0131n emperyalist ter\u00f6re kar\u015f\u0131 sava\u015f\u0131nda kazand\u0131\u011f\u0131 zaferleri de \u00f6verek, bunun k\u00fcresel bir sembole d\u00f6n\u00fc\u015ft\u00fc\u011f\u00fcne dikkat \u00e7ekti ve; &#8220;Suriye&#8217;yi desteklemek, kendi kaderini tayin etmeye kararl\u0131 c\u00f6mert, egemen bir d\u00fcnyay\u0131 desteklemek demektir&#8221; dedi.<img loading=\"lazy\" decoding=\"async\" class=\"size-full wp-image-258499 alignright\" src=\"http:\/\/107.6.182.27\/tr\/wp-content\/uploads\/2022\/07\/DSC_2373-300x186-1.jpg\" alt=\"\" width=\"300\" height=\"186\" srcset=\"https:\/\/archive.sana.sy\/tr\/wp-content\/uploads\/2022\/07\/DSC_2373-300x186-1.jpg 300w, https:\/\/archive.sana.sy\/tr\/wp-content\/uploads\/2022\/07\/DSC_2373-300x186-1-150x93.jpg 150w\" sizes=\"auto, (max-width: 300px) 100vw, 300px\" \/><\/p>\n<p>Gomez, ba\u011f\u0131ms\u0131zl\u0131k belgesini imzalad\u0131ktan 211 y\u0131l sonra Venez\u00fcella&#8217;n\u0131n hala emperyalizme kar\u015f\u0131 kararl\u0131 ve emperyalist g\u00fc\u00e7lerle kar\u015f\u0131 kar\u015f\u0131ya kalan d\u00fcnyan\u0131n karde\u015f halklar\u0131na destek ve sad\u0131k kalaca\u011f\u0131na i\u015faret ederek, zaferin ba\u011f\u0131ms\u0131z ve \u00f6zg\u00fcr halklar\u0131n m\u00fcttefiki olaca\u011f\u0131na olan inanc\u0131n\u0131 dile getirdi..<\/p>\n<p>D\u0131\u015fi\u015fleri ve Gurbet\u00e7iler Bakanl\u0131\u011f\u0131 Amerikan Departman\u0131 Direkt\u00f6r\u00fc Abir Al Cerf ise Suriye ad\u0131na yapt\u0131\u011f\u0131 konu\u015fmada, ba\u011f\u0131ms\u0131zl\u0131\u011f\u0131n\u0131n y\u0131l d\u00f6n\u00fcm\u00fcnde Suriye liderli\u011finin ve halk\u0131n\u0131n Venez\u00fcella halk\u0131na ve liderli\u011fine selamlar\u0131n\u0131 iletti.<\/p>\n<p><a class=\"oajrlxb2 g5ia77u1 qu0x051f esr5mh6w e9989ue4 r7d6kgcz rq0escxv nhd2j8a9 nc684nl6 p7hjln8o kvgmc6g5 cxmmr5t8 oygrvhab hcukyx3x jb3vyjys rz4wbd8a qt6c0cv9 a8nywdso i1ao9s8h esuyzwwr f1sip0of lzcic4wl gpro0wi8 q66pz984 b1v8xokw\" tabindex=\"0\" role=\"link\" href=\"https:\/\/www.facebook.com\/hashtag\/telegram_kanal%C4%B1m%C4%B1z?__eep__=6&amp;__cft__[0]=AZV_F0E4EaRF-XD8zaykKI0v0SwzyPEr7vnhJTCHo_10v5bnIBJFkkpTSg0iWrgafnDJbHz0L-BtOa-hVIVLovj82A2cJzLFB6sffRVbiI1_NwqqBaepVwiUcH2v46Gyb8iEchR3uW2iBjIbYkommRE1wfnUFNv1c3B9Se-fac-SnQ&amp;__tn__=*NK-R\">#Telegram_Kanal\u0131m\u0131z<\/a>: <a class=\"oajrlxb2 g5ia77u1 qu0x051f esr5mh6w e9989ue4 r7d6kgcz rq0escxv nhd2j8a9 nc684nl6 p7hjln8o kvgmc6g5 cxmmr5t8 oygrvhab hcukyx3x jb3vyjys rz4wbd8a qt6c0cv9 a8nywdso i1ao9s8h esuyzwwr f1sip0of lzcic4wl gpro0wi8 py34i1dx\" tabindex=\"0\" role=\"link\" href=\"https:\/\/t.me\/SuriyeArapHaberAjans?fbclid=IwAR1BvUuqaCKM1VdIg6K6bf1yHWQHQ3pphT34Wt1RM6zCzaLq-KaJRPjzYhY\" target=\"_blank\" rel=\"nofollow noopener\">https:\/\/t.me\/SuriyeArapHaberAjans<\/a><\/p>\n<div id='gallery-1' class='gallery galleryid-258497 gallery-columns-3 gallery-size-full'><figure class='gallery-item'>\n\t\t\t<div class='gallery-icon landscape'>\n\t\t\t\t<a href='https:\/\/archive.sana.sy\/tr\/wp-content\/uploads\/2022\/07\/DSC_2334.jpg'><img loading=\"lazy\" decoding=\"async\" width=\"660\" height=\"439\" src=\"https:\/\/archive.sana.sy\/tr\/wp-content\/uploads\/2022\/07\/DSC_2334.jpg\" class=\"attachment-full size-full\" alt=\"\" srcset=\"https:\/\/archive.sana.sy\/tr\/wp-content\/uploads\/2022\/07\/DSC_2334.jpg 660w, https:\/\/archive.sana.sy\/tr\/wp-content\/uploads\/2022\/07\/DSC_2334-300x200.jpg 300w, https:\/\/archive.sana.sy\/tr\/wp-content\/uploads\/2022\/07\/DSC_2334-150x100.jpg 150w, https:\/\/archive.sana.sy\/tr\/wp-content\/uploads\/2022\/07\/DSC_2334-310x205.jpg 310w\" sizes=\"auto, (max-width: 660px) 100vw, 660px\" \/><\/a>\n\t\t\t<\/div><\/figure><figure class='gallery-item'>\n\t\t\t<div class='gallery-icon landscape'>\n\t\t\t\t<a href='https:\/\/archive.sana.sy\/tr\/wp-content\/uploads\/2022\/07\/DSC_2336.jpg'><img loading=\"lazy\" decoding=\"async\" width=\"660\" height=\"451\" src=\"https:\/\/archive.sana.sy\/tr\/wp-content\/uploads\/2022\/07\/DSC_2336.jpg\" class=\"attachment-full size-full\" alt=\"\" srcset=\"https:\/\/archive.sana.sy\/tr\/wp-content\/uploads\/2022\/07\/DSC_2336.jpg 660w, https:\/\/archive.sana.sy\/tr\/wp-content\/uploads\/2022\/07\/DSC_2336-300x205.jpg 300w, https:\/\/archive.sana.sy\/tr\/wp-content\/uploads\/2022\/07\/DSC_2336-150x103.jpg 150w, https:\/\/archive.sana.sy\/tr\/wp-content\/uploads\/2022\/07\/DSC_2336-110x75.jpg 110w\" sizes=\"auto, (max-width: 660px) 100vw, 660px\" \/><\/a>\n\t\t\t<\/div><\/figure><figure class='gallery-item'>\n\t\t\t<div class='gallery-icon landscape'>\n\t\t\t\t<a href='https:\/\/archive.sana.sy\/tr\/wp-content\/uploads\/2022\/07\/DSC_2338.jpg'><img loading=\"lazy\" decoding=\"async\" width=\"660\" height=\"442\" src=\"https:\/\/archive.sana.sy\/tr\/wp-content\/uploads\/2022\/07\/DSC_2338.jpg\" class=\"attachment-full size-full\" alt=\"\" srcset=\"https:\/\/archive.sana.sy\/tr\/wp-content\/uploads\/2022\/07\/DSC_2338.jpg 660w, https:\/\/archive.sana.sy\/tr\/wp-content\/uploads\/2022\/07\/DSC_2338-300x201.jpg 300w, https:\/\/archive.sana.sy\/tr\/wp-content\/uploads\/2022\/07\/DSC_2338-150x100.jpg 150w, https:\/\/archive.sana.sy\/tr\/wp-content\/uploads\/2022\/07\/DSC_2338-110x75.jpg 110w\" sizes=\"auto, (max-width: 660px) 100vw, 660px\" \/><\/a>\n\t\t\t<\/div><\/figure><figure class='gallery-item'>\n\t\t\t<div class='gallery-icon landscape'>\n\t\t\t\t<a href='https:\/\/archive.sana.sy\/tr\/wp-content\/uploads\/2022\/07\/DSC_2341.jpg'><img loading=\"lazy\" decoding=\"async\" width=\"660\" height=\"408\" src=\"https:\/\/archive.sana.sy\/tr\/wp-content\/uploads\/2022\/07\/DSC_2341.jpg\" class=\"attachment-full size-full\" alt=\"\" srcset=\"https:\/\/archive.sana.sy\/tr\/wp-content\/uploads\/2022\/07\/DSC_2341.jpg 660w, https:\/\/archive.sana.sy\/tr\/wp-content\/uploads\/2022\/07\/DSC_2341-300x185.jpg 300w, https:\/\/archive.sana.sy\/tr\/wp-content\/uploads\/2022\/07\/DSC_2341-150x93.jpg 150w\" sizes=\"auto, (max-width: 660px) 100vw, 660px\" \/><\/a>\n\t\t\t<\/div><\/figure><figure class='gallery-item'>\n\t\t\t<div class='gallery-icon landscape'>\n\t\t\t\t<a href='https:\/\/archive.sana.sy\/tr\/wp-content\/uploads\/2022\/07\/DSC_2362.jpg'><img loading=\"lazy\" decoding=\"async\" width=\"660\" height=\"423\" src=\"https:\/\/archive.sana.sy\/tr\/wp-content\/uploads\/2022\/07\/DSC_2362.jpg\" class=\"attachment-full size-full\" alt=\"\" srcset=\"https:\/\/archive.sana.sy\/tr\/wp-content\/uploads\/2022\/07\/DSC_2362.jpg 660w, https:\/\/archive.sana.sy\/tr\/wp-content\/uploads\/2022\/07\/DSC_2362-300x192.jpg 300w, https:\/\/archive.sana.sy\/tr\/wp-content\/uploads\/2022\/07\/DSC_2362-150x96.jpg 150w\" sizes=\"auto, (max-width: 660px) 100vw, 660px\" \/><\/a>\n\t\t\t<\/div><\/figure><figure class='gallery-item'>\n\t\t\t<div class='gallery-icon landscape'>\n\t\t\t\t<a href='https:\/\/archive.sana.sy\/tr\/wp-content\/uploads\/2022\/07\/DSC_2364-300x205-1.jpg'><img loading=\"lazy\" decoding=\"async\" width=\"300\" height=\"205\" src=\"https:\/\/archive.sana.sy\/tr\/wp-content\/uploads\/2022\/07\/DSC_2364-300x205-1.jpg\" class=\"attachment-full size-full\" alt=\"\" srcset=\"https:\/\/archive.sana.sy\/tr\/wp-content\/uploads\/2022\/07\/DSC_2364-300x205-1.jpg 300w, https:\/\/archive.sana.sy\/tr\/wp-content\/uploads\/2022\/07\/DSC_2364-300x205-1-150x103.jpg 150w, https:\/\/archive.sana.sy\/tr\/wp-content\/uploads\/2022\/07\/DSC_2364-300x205-1-110x75.jpg 110w\" sizes=\"auto, (max-width: 300px) 100vw, 300px\" \/><\/a>\n\t\t\t<\/div><\/figure>\n\t\t<\/div>\n\n<p>&nbsp;<\/p>\n","protected":false},"excerpt":{"rendered":"<p>\u015eAM &#8211; Bolivarc\u0131 Venez\u00fcella Cumhuriyeti&#8217;nin \u015eam&#8217;daki B\u00fcy\u00fckel\u00e7ili\u011fi, ba\u011f\u0131ms\u0131zl\u0131\u011f\u0131n\u0131n 211&#8217;inci y\u0131ld\u00f6n\u00fcm\u00fc m\u00fcnasebetiyle \u015eam&#8217;daki b\u00fcy\u00fckel\u00e7ilik merkezinde bir resepsiyon d\u00fczenledi. Bolivarc\u0131 Venez\u00fcella Cumhuriyeti&#8217;nin Suriye B\u00fcy\u00fckel\u00e7ili\u011fi Maslahatg\u00fczar\u0131 Joaquin Gomez yapt\u0131\u011f\u0131 konu\u015fmada, \u00fclkesinin dostlar\u0131n\u0131n bu kutlamaya kat\u0131l\u0131m\u0131n\u0131n Venez\u00fcella ile olan karde\u015flik ve yak\u0131n dostluk ba\u011flar\u0131n\u0131n ve zor zamanlardaki deste\u011finin kan\u0131t\u0131 oldu\u011funu vurgulad\u0131. Gomez, Suriye ve Venez\u00fcella&#8217;n\u0131n iki halk ve tek &hellip;<\/p>\n","protected":false},"author":1,"featured_media":0,"comment_status":"closed","ping_status":"closed","sticky":false,"template":"","format":"standard","meta":{"footnotes":""},"categories":[479,17988,478],"tags":[],"class_list":["post-258497","post","type-post","status-publish","format-standard","","category-haberler-yerel","category-son-haberler","category-yerel"],"_links":{"self":[{"href":"https:\/\/archive.sana.sy\/tr\/index.php?rest_route=\/wp\/v2\/posts\/258497","targetHints":{"allow":["GET"]}}],"collection":[{"href":"https:\/\/archive.sana.sy\/tr\/index.php?rest_route=\/wp\/v2\/posts"}],"about":[{"href":"https:\/\/archive.sana.sy\/tr\/index.php?rest_route=\/wp\/v2\/types\/post"}],"author":[{"embeddable":true,"href":"https:\/\/archive.sana.sy\/tr\/index.php?rest_route=\/wp\/v2\/users\/1"}],"replies":[{"embeddable":true,"href":"https:\/\/archive.sana.sy\/tr\/index.php?rest_route=%2Fwp%2Fv2%2Fcomments&post=258497"}],"version-history":[{"count":0,"href":"https:\/\/archive.sana.sy\/tr\/index.php?rest_route=\/wp\/v2\/posts\/258497\/revisions"}],"wp:attachment":[{"href":"https:\/\/archive.sana.sy\/tr\/index.php?rest_route=%2Fwp%2Fv2%2Fmedia&parent=258497"}],"wp:term":[{"taxonomy":"category","embeddable":true,"href":"https:\/\/archive.sana.sy\/tr\/index.php?rest_route=%2Fwp%2Fv2%2Fcategories&post=258497"},{"taxonomy":"post_tag","embeddable":true,"href":"https:\/\/archive.sana.sy\/tr\/index.php?rest_route=%2Fwp%2Fv2%2Ftags&post=258497"}],"curies":[{"name":"wp","href":"https:\/\/api.w.org\/{rel}","templated":true}]}}