{"id":258520,"date":"2022-07-07T13:33:50","date_gmt":"2022-07-07T10:33:50","guid":{"rendered":"http:\/\/107.6.182.27\/tr\/?p=258520"},"modified":"2022-07-09T08:56:07","modified_gmt":"2022-07-09T05:56:07","slug":"cumhurbaskani-esad-suriyenin-uluslararasi-gunes-enerjisi-ittifakinin-kurulmasina-iliskin-cerceve-anlasmasina-katilimini-onaylayan-bir-yasa-cikardi","status":"publish","type":"post","link":"https:\/\/archive.sana.sy\/tr\/?p=258520","title":{"rendered":"Cumhurba\u015fkan\u0131 Esad, Suriye&#8217;nin Uluslararas\u0131 G\u00fcne\u015f Enerjisi \u0130ttifak\u0131&#8217;n\u0131n Kurulmas\u0131na \u0130li\u015fkin \u00c7er\u00e7eve Anla\u015fmas\u0131na Kat\u0131l\u0131m\u0131n\u0131 Onaylayan Bir Yasa \u00c7\u0131kard\u0131"},"content":{"rendered":"<p>\u015eAM \u2013 Cumhurba\u015fkan\u0131 Be\u015f\u015far Esad bug\u00fcn, Suriye&#8217;nin Uluslararas\u0131 G\u00fcne\u015f Enerjisi \u0130ttifak\u0131&#8217;n\u0131n kurulmas\u0131na y\u00f6nelik \u00e7er\u00e7eve anla\u015fmaya kat\u0131l\u0131m\u0131n\u0131 onaylayan 2022 y\u0131l\u0131 \u201c30\u201d say\u0131l\u0131 Kanun&#8217;u yay\u0131nlad\u0131.<\/p>\n<p><a class=\"oajrlxb2 g5ia77u1 qu0x051f esr5mh6w e9989ue4 r7d6kgcz rq0escxv nhd2j8a9 nc684nl6 p7hjln8o kvgmc6g5 cxmmr5t8 oygrvhab hcukyx3x jb3vyjys rz4wbd8a qt6c0cv9 a8nywdso i1ao9s8h esuyzwwr f1sip0of lzcic4wl gpro0wi8 q66pz984 b1v8xokw\" tabindex=\"0\" role=\"link\" href=\"https:\/\/www.facebook.com\/hashtag\/telegram_kanal%C4%B1m%C4%B1z?__eep__=6&amp;__cft__[0]=AZV_F0E4EaRF-XD8zaykKI0v0SwzyPEr7vnhJTCHo_10v5bnIBJFkkpTSg0iWrgafnDJbHz0L-BtOa-hVIVLovj82A2cJzLFB6sffRVbiI1_NwqqBaepVwiUcH2v46Gyb8iEchR3uW2iBjIbYkommRE1wfnUFNv1c3B9Se-fac-SnQ&amp;__tn__=*NK-R\">#Telegram_Kanal\u0131m\u0131z<\/a>:\u00a0<a class=\"oajrlxb2 g5ia77u1 qu0x051f esr5mh6w e9989ue4 r7d6kgcz rq0escxv nhd2j8a9 nc684nl6 p7hjln8o kvgmc6g5 cxmmr5t8 oygrvhab hcukyx3x jb3vyjys rz4wbd8a qt6c0cv9 a8nywdso i1ao9s8h esuyzwwr f1sip0of lzcic4wl gpro0wi8 py34i1dx\" tabindex=\"0\" role=\"link\" href=\"https:\/\/t.me\/SuriyeArapHaberAjans?fbclid=IwAR1BvUuqaCKM1VdIg6K6bf1yHWQHQ3pphT34Wt1RM6zCzaLq-KaJRPjzYhY\" target=\"_blank\" rel=\"nofollow noopener\">https:\/\/t.me\/SuriyeArapHaberAjans<\/a><\/p>\n<p>&nbsp;<\/p>\n<p><em>\u00a0<\/em><\/p>\n<p>&nbsp;<\/p>\n","protected":false},"excerpt":{"rendered":"<p>\u015eAM \u2013 Cumhurba\u015fkan\u0131 Be\u015f\u015far Esad bug\u00fcn, Suriye&#8217;nin Uluslararas\u0131 G\u00fcne\u015f Enerjisi \u0130ttifak\u0131&#8217;n\u0131n kurulmas\u0131na y\u00f6nelik \u00e7er\u00e7eve anla\u015fmaya kat\u0131l\u0131m\u0131n\u0131 onaylayan 2022 y\u0131l\u0131 \u201c30\u201d say\u0131l\u0131 Kanun&#8217;u yay\u0131nlad\u0131. #Telegram_Kanal\u0131m\u0131z:\u00a0https:\/\/t.me\/SuriyeArapHaberAjans &nbsp; \u00a0 &nbsp;<\/p>\n","protected":false},"author":36,"featured_media":258521,"comment_status":"closed","ping_status":"closed","sticky":false,"template":"","format":"standard","meta":{"footnotes":""},"categories":[479,605,612,599,478],"tags":[],"class_list":["post-258520","post","type-post","status-publish","format-standard","has-post-thumbnail","","category-haberler-yerel","category-sayin-cumhurbaskani","category-yasama-kararnameler","category-yasama-ve-kanunlar","category-yerel"],"_links":{"self":[{"href":"https:\/\/archive.sana.sy\/tr\/index.php?rest_route=\/wp\/v2\/posts\/258520","targetHints":{"allow":["GET"]}}],"collection":[{"href":"https:\/\/archive.sana.sy\/tr\/index.php?rest_route=\/wp\/v2\/posts"}],"about":[{"href":"https:\/\/archive.sana.sy\/tr\/index.php?rest_route=\/wp\/v2\/types\/post"}],"author":[{"embeddable":true,"href":"https:\/\/archive.sana.sy\/tr\/index.php?rest_route=\/wp\/v2\/users\/36"}],"replies":[{"embeddable":true,"href":"https:\/\/archive.sana.sy\/tr\/index.php?rest_route=%2Fwp%2Fv2%2Fcomments&post=258520"}],"version-history":[{"count":0,"href":"https:\/\/archive.sana.sy\/tr\/index.php?rest_route=\/wp\/v2\/posts\/258520\/revisions"}],"wp:featuredmedia":[{"embeddable":true,"href":"https:\/\/archive.sana.sy\/tr\/index.php?rest_route=\/wp\/v2\/media\/258521"}],"wp:attachment":[{"href":"https:\/\/archive.sana.sy\/tr\/index.php?rest_route=%2Fwp%2Fv2%2Fmedia&parent=258520"}],"wp:term":[{"taxonomy":"category","embeddable":true,"href":"https:\/\/archive.sana.sy\/tr\/index.php?rest_route=%2Fwp%2Fv2%2Fcategories&post=258520"},{"taxonomy":"post_tag","embeddable":true,"href":"https:\/\/archive.sana.sy\/tr\/index.php?rest_route=%2Fwp%2Fv2%2Ftags&post=258520"}],"curies":[{"name":"wp","href":"https:\/\/api.w.org\/{rel}","templated":true}]}}