{"id":258526,"date":"2022-07-07T14:10:04","date_gmt":"2022-07-07T11:10:04","guid":{"rendered":"http:\/\/107.6.182.27\/tr\/?p=258526"},"modified":"2022-07-08T08:57:39","modified_gmt":"2022-07-08T05:57:39","slug":"egitim-bugun-saat-1700-genel-mesleki-endustri-ve-ticari-sinavlarin-ilk-oturumunun-sonuclari-aciklanacak","status":"publish","type":"post","link":"https:\/\/archive.sana.sy\/tr\/?p=258526","title":{"rendered":"E\u011fitim: Bug\u00fcn Saat 17:00 Genel, Mesleki, end\u00fcstri Ve Ticari S\u0131navlar\u0131n \u0130lk Oturumunun Sonu\u00e7lar\u0131 A\u00e7\u0131klanacak"},"content":{"rendered":"<p>\u015eAM \u2013 Milli E\u011fitim Bakan\u0131, 2022 y\u0131l\u0131 edebiyat, fen, \u015feriat bran\u015flar\u0131 ile kad\u0131n, end\u00fcstri ve ticaret bran\u015flar\u0131nda yap\u0131lan genel orta\u00f6\u011fretim sertifika s\u0131navlar\u0131n\u0131n ilk d\u00f6nem sonu\u00e7lar\u0131n\u0131n a\u00e7\u0131klanma tarihinin bug\u00fcn saat 17:00 oldu\u011funu a\u00e7\u0131klad\u0131.<\/p>\n<p><a class=\"oajrlxb2 g5ia77u1 qu0x051f esr5mh6w e9989ue4 r7d6kgcz rq0escxv nhd2j8a9 nc684nl6 p7hjln8o kvgmc6g5 cxmmr5t8 oygrvhab hcukyx3x jb3vyjys rz4wbd8a qt6c0cv9 a8nywdso i1ao9s8h esuyzwwr f1sip0of lzcic4wl gpro0wi8 q66pz984 b1v8xokw\" tabindex=\"0\" role=\"link\" href=\"https:\/\/www.facebook.com\/hashtag\/telegram_kanal%C4%B1m%C4%B1z?__eep__=6&amp;__cft__[0]=AZV_F0E4EaRF-XD8zaykKI0v0SwzyPEr7vnhJTCHo_10v5bnIBJFkkpTSg0iWrgafnDJbHz0L-BtOa-hVIVLovj82A2cJzLFB6sffRVbiI1_NwqqBaepVwiUcH2v46Gyb8iEchR3uW2iBjIbYkommRE1wfnUFNv1c3B9Se-fac-SnQ&amp;__tn__=*NK-R\">#Telegram_Kanal\u0131m\u0131z<\/a>:\u00a0<a class=\"oajrlxb2 g5ia77u1 qu0x051f esr5mh6w e9989ue4 r7d6kgcz rq0escxv nhd2j8a9 nc684nl6 p7hjln8o kvgmc6g5 cxmmr5t8 oygrvhab hcukyx3x jb3vyjys rz4wbd8a qt6c0cv9 a8nywdso i1ao9s8h esuyzwwr f1sip0of lzcic4wl gpro0wi8 py34i1dx\" tabindex=\"0\" role=\"link\" href=\"https:\/\/t.me\/SuriyeArapHaberAjans?fbclid=IwAR1BvUuqaCKM1VdIg6K6bf1yHWQHQ3pphT34Wt1RM6zCzaLq-KaJRPjzYhY\" target=\"_blank\" rel=\"nofollow noopener\">https:\/\/t.me\/SuriyeArapHaberAjans<\/a><\/p>\n","protected":false},"excerpt":{"rendered":"<p>\u015eAM \u2013 Milli E\u011fitim Bakan\u0131, 2022 y\u0131l\u0131 edebiyat, fen, \u015feriat bran\u015flar\u0131 ile kad\u0131n, end\u00fcstri ve ticaret bran\u015flar\u0131nda yap\u0131lan genel orta\u00f6\u011fretim sertifika s\u0131navlar\u0131n\u0131n ilk d\u00f6nem sonu\u00e7lar\u0131n\u0131n a\u00e7\u0131klanma tarihinin bug\u00fcn saat 17:00 oldu\u011funu a\u00e7\u0131klad\u0131. #Telegram_Kanal\u0131m\u0131z:\u00a0https:\/\/t.me\/SuriyeArapHaberAjans<\/p>\n","protected":false},"author":36,"featured_media":258527,"comment_status":"closed","ping_status":"closed","sticky":false,"template":"","format":"standard","meta":{"footnotes":""},"categories":[479,17988,478],"tags":[],"class_list":["post-258526","post","type-post","status-publish","format-standard","has-post-thumbnail","","category-haberler-yerel","category-son-haberler","category-yerel"],"_links":{"self":[{"href":"https:\/\/archive.sana.sy\/tr\/index.php?rest_route=\/wp\/v2\/posts\/258526","targetHints":{"allow":["GET"]}}],"collection":[{"href":"https:\/\/archive.sana.sy\/tr\/index.php?rest_route=\/wp\/v2\/posts"}],"about":[{"href":"https:\/\/archive.sana.sy\/tr\/index.php?rest_route=\/wp\/v2\/types\/post"}],"author":[{"embeddable":true,"href":"https:\/\/archive.sana.sy\/tr\/index.php?rest_route=\/wp\/v2\/users\/36"}],"replies":[{"embeddable":true,"href":"https:\/\/archive.sana.sy\/tr\/index.php?rest_route=%2Fwp%2Fv2%2Fcomments&post=258526"}],"version-history":[{"count":0,"href":"https:\/\/archive.sana.sy\/tr\/index.php?rest_route=\/wp\/v2\/posts\/258526\/revisions"}],"wp:featuredmedia":[{"embeddable":true,"href":"https:\/\/archive.sana.sy\/tr\/index.php?rest_route=\/wp\/v2\/media\/258527"}],"wp:attachment":[{"href":"https:\/\/archive.sana.sy\/tr\/index.php?rest_route=%2Fwp%2Fv2%2Fmedia&parent=258526"}],"wp:term":[{"taxonomy":"category","embeddable":true,"href":"https:\/\/archive.sana.sy\/tr\/index.php?rest_route=%2Fwp%2Fv2%2Fcategories&post=258526"},{"taxonomy":"post_tag","embeddable":true,"href":"https:\/\/archive.sana.sy\/tr\/index.php?rest_route=%2Fwp%2Fv2%2Ftags&post=258526"}],"curies":[{"name":"wp","href":"https:\/\/api.w.org\/{rel}","templated":true}]}}