{"id":258529,"date":"2022-07-07T15:10:01","date_gmt":"2022-07-07T12:10:01","guid":{"rendered":"http:\/\/107.6.182.27\/tr\/?p=258529"},"modified":"2022-07-08T08:57:42","modified_gmt":"2022-07-08T05:57:42","slug":"cezayirdeki-suriyeli-gurbetcilere-mikdad-suriyeye-yonelik-tum-dis-baskilar-basarisiz-olacak","status":"publish","type":"post","link":"https:\/\/archive.sana.sy\/tr\/?p=258529","title":{"rendered":"Cezayir&#8217;deki Suriyeli Gurbet\u00e7ilere Mikdad: Suriye&#8217;ye Y\u00f6nelik T\u00fcm D\u0131\u015f Bask\u0131lar Ba\u015far\u0131s\u0131z Olacak"},"content":{"rendered":"<p>CEZAY\u0130R \u2013 D\u0131\u015fi\u015fleri ve Gurbet\u00e7iler Bakan\u0131 Dr. Faysal El Mikdad, Suriye d\u00fc\u015fmanlar\u0131n\u0131n ter\u00f6r yoluyla ula\u015famad\u0131ktan sonra bo\u011fucu ku\u015fatma yoluyla ama\u00e7lar\u0131na ula\u015fmak i\u00e7in bo\u015f yere \u00e7aba sarf ettiklerini belirtirken, \u0130ster ekonomik ister askeri olsun t\u00fcm bu giri\u015fimlerin ba\u015far\u0131s\u0131zl\u0131\u011fa mahkum oldu\u011funa i\u015faret etti.<\/p>\n<p><img loading=\"lazy\" decoding=\"async\" class=\"size-medium wp-image-258530 alignright\" src=\"http:\/\/107.6.182.27\/tr\/wp-content\/uploads\/2022\/07\/7-300x155.jpg\" alt=\"\" width=\"300\" height=\"155\" srcset=\"https:\/\/archive.sana.sy\/tr\/wp-content\/uploads\/2022\/07\/7-300x155.jpg 300w, https:\/\/archive.sana.sy\/tr\/wp-content\/uploads\/2022\/07\/7-150x77.jpg 150w, https:\/\/archive.sana.sy\/tr\/wp-content\/uploads\/2022\/07\/7.jpg 660w\" sizes=\"auto, (max-width: 300px) 100vw, 300px\" \/>Cezayir&#8217;deki Suriyeli Gurbet\u00e7ilere ve Suriye b\u00fcy\u00fckel\u00e7ili\u011fi karargah\u0131ndaki Suriyeli diplomatik personel ile yapt\u0131\u011f\u0131 g\u00f6r\u00fc\u015fmede Mikdad, Suriye&#8217;nin kar\u015f\u0131 kar\u015f\u0131ya oldu\u011fu b\u00fcy\u00fck zorluklara dikkat \u00e7ekti.<\/p>\n<p>Mikdad, \u201cT\u00fcrk rejimi kuzeybat\u0131da i\u015fgalini geni\u015fletmeye \u00e7al\u0131\u015f\u0131yor ve Nusra Cephesi, I\u015e\u0130D ve di\u011ferlerinden ter\u00f6rist gruplar\u0131 desteklerken, ABD kuzeydo\u011fuda ayr\u0131l\u0131k\u00e7\u0131 gruplar\u0131 destekliyor\u201d dedi.<\/p>\n<p>Mikdad, Suriye Arap halk\u0131n\u0131n kararl\u0131l\u0131\u011f\u0131 ve liderli\u011fi ile yi\u011fit ordusunun kahramanl\u0131\u011f\u0131 ve fedakarl\u0131klar\u0131 nedeniyle Suriye&#8217;ye y\u00f6nelik t\u00fcm bask\u0131 giri\u015fimlerinin ba\u015far\u0131s\u0131z olaca\u011f\u0131n\u0131 vurgulad\u0131.<\/p>\n<p>Suriye&#8217;nin Cezayir B\u00fcy\u00fckel\u00e7isi Dr. Namir El \u011eanim ise Suriye&#8217;nin ter\u00f6rizmi yenme ve ona kar\u015f\u0131 t\u00fcm yabanc\u0131 komplolar\u0131 engelleme yetene\u011fini kan\u0131tlad\u0131\u011f\u0131n\u0131 belirtti.<\/p>\n<p><a class=\"oajrlxb2 g5ia77u1 qu0x051f esr5mh6w e9989ue4 r7d6kgcz rq0escxv nhd2j8a9 nc684nl6 p7hjln8o kvgmc6g5 cxmmr5t8 oygrvhab hcukyx3x jb3vyjys rz4wbd8a qt6c0cv9 a8nywdso i1ao9s8h esuyzwwr f1sip0of lzcic4wl gpro0wi8 q66pz984 b1v8xokw\" tabindex=\"0\" role=\"link\" href=\"https:\/\/www.facebook.com\/hashtag\/telegram_kanal%C4%B1m%C4%B1z?__eep__=6&amp;__cft__[0]=AZV_F0E4EaRF-XD8zaykKI0v0SwzyPEr7vnhJTCHo_10v5bnIBJFkkpTSg0iWrgafnDJbHz0L-BtOa-hVIVLovj82A2cJzLFB6sffRVbiI1_NwqqBaepVwiUcH2v46Gyb8iEchR3uW2iBjIbYkommRE1wfnUFNv1c3B9Se-fac-SnQ&amp;__tn__=*NK-R\">#Telegram_Kanal\u0131m\u0131z<\/a>:\u00a0<a class=\"oajrlxb2 g5ia77u1 qu0x051f esr5mh6w e9989ue4 r7d6kgcz rq0escxv nhd2j8a9 nc684nl6 p7hjln8o kvgmc6g5 cxmmr5t8 oygrvhab hcukyx3x jb3vyjys rz4wbd8a qt6c0cv9 a8nywdso i1ao9s8h esuyzwwr f1sip0of lzcic4wl gpro0wi8 py34i1dx\" tabindex=\"0\" role=\"link\" href=\"https:\/\/t.me\/SuriyeArapHaberAjans?fbclid=IwAR1BvUuqaCKM1VdIg6K6bf1yHWQHQ3pphT34Wt1RM6zCzaLq-KaJRPjzYhY\" target=\"_blank\" rel=\"nofollow noopener\">https:\/\/t.me\/SuriyeArapHaberAjans<\/a><\/p>\n","protected":false},"excerpt":{"rendered":"<p>CEZAY\u0130R \u2013 D\u0131\u015fi\u015fleri ve Gurbet\u00e7iler Bakan\u0131 Dr. Faysal El Mikdad, Suriye d\u00fc\u015fmanlar\u0131n\u0131n ter\u00f6r yoluyla ula\u015famad\u0131ktan sonra bo\u011fucu ku\u015fatma yoluyla ama\u00e7lar\u0131na ula\u015fmak i\u00e7in bo\u015f yere \u00e7aba sarf ettiklerini belirtirken, \u0130ster ekonomik ister askeri olsun t\u00fcm bu giri\u015fimlerin ba\u015far\u0131s\u0131zl\u0131\u011fa mahkum oldu\u011funa i\u015faret etti. Cezayir&#8217;deki Suriyeli Gurbet\u00e7ilere ve Suriye b\u00fcy\u00fckel\u00e7ili\u011fi karargah\u0131ndaki Suriyeli diplomatik personel ile yapt\u0131\u011f\u0131 g\u00f6r\u00fc\u015fmede Mikdad, &hellip;<\/p>\n","protected":false},"author":36,"featured_media":258531,"comment_status":"closed","ping_status":"closed","sticky":false,"template":"","format":"standard","meta":{"footnotes":""},"categories":[458,459,17988],"tags":[],"class_list":["post-258529","post","type-post","status-publish","format-standard","has-post-thumbnail","","category-dunya1","category-haberler-arap-uluslararasi-politika","category-son-haberler"],"_links":{"self":[{"href":"https:\/\/archive.sana.sy\/tr\/index.php?rest_route=\/wp\/v2\/posts\/258529","targetHints":{"allow":["GET"]}}],"collection":[{"href":"https:\/\/archive.sana.sy\/tr\/index.php?rest_route=\/wp\/v2\/posts"}],"about":[{"href":"https:\/\/archive.sana.sy\/tr\/index.php?rest_route=\/wp\/v2\/types\/post"}],"author":[{"embeddable":true,"href":"https:\/\/archive.sana.sy\/tr\/index.php?rest_route=\/wp\/v2\/users\/36"}],"replies":[{"embeddable":true,"href":"https:\/\/archive.sana.sy\/tr\/index.php?rest_route=%2Fwp%2Fv2%2Fcomments&post=258529"}],"version-history":[{"count":0,"href":"https:\/\/archive.sana.sy\/tr\/index.php?rest_route=\/wp\/v2\/posts\/258529\/revisions"}],"wp:featuredmedia":[{"embeddable":true,"href":"https:\/\/archive.sana.sy\/tr\/index.php?rest_route=\/wp\/v2\/media\/258531"}],"wp:attachment":[{"href":"https:\/\/archive.sana.sy\/tr\/index.php?rest_route=%2Fwp%2Fv2%2Fmedia&parent=258529"}],"wp:term":[{"taxonomy":"category","embeddable":true,"href":"https:\/\/archive.sana.sy\/tr\/index.php?rest_route=%2Fwp%2Fv2%2Fcategories&post=258529"},{"taxonomy":"post_tag","embeddable":true,"href":"https:\/\/archive.sana.sy\/tr\/index.php?rest_route=%2Fwp%2Fv2%2Ftags&post=258529"}],"curies":[{"name":"wp","href":"https:\/\/api.w.org\/{rel}","templated":true}]}}