{"id":258555,"date":"2022-07-07T23:45:39","date_gmt":"2022-07-07T20:45:39","guid":{"rendered":"http:\/\/107.6.182.27\/tr\/?p=258555"},"modified":"2022-07-09T08:56:20","modified_gmt":"2022-07-09T05:56:20","slug":"muhendis-arnus-halep-pazarlarini-ziyaret-etti","status":"publish","type":"post","link":"https:\/\/archive.sana.sy\/tr\/?p=258555","title":{"rendered":"M\u00fchendis Arnus Halep Pazarlar\u0131n\u0131 Ziyaret Etti"},"content":{"rendered":"<p>HALEP \u2013 Ba\u015fbakan M\u00fchendis H\u00fcseyin Arnus, Halep Valili\u011fi, Ticaret Odas\u0131 ve Suriye Kalk\u0131nma Vakf\u0131 taraf\u0131ndan d\u00fczenlenen \u201cHalep Yolu\u201d festivalini ziyaret etti.<\/p>\n<p>Festivalin \u0130pek Pazarlar\u0131, El Saktiye, El Bunduk Meydan\u0131, Khan El Tutun El Kebir ve El Zarb Pazar\u0131 i\u00e7inde bir dizi k\u00fclt\u00fcrel ve sanatsal etkinlik ve e\u011flence yar\u0131\u015fmalar\u0131na ev sahipli\u011fi yapt\u0131\u011f\u0131 yer.<\/p>\n<p><img loading=\"lazy\" decoding=\"async\" class=\"size-medium wp-image-258556 alignright\" src=\"http:\/\/107.6.182.27\/tr\/wp-content\/uploads\/2022\/07\/1-7-300x200.jpg\" alt=\"\" width=\"300\" height=\"200\" srcset=\"https:\/\/archive.sana.sy\/tr\/wp-content\/uploads\/2022\/07\/1-7-300x200.jpg 300w, https:\/\/archive.sana.sy\/tr\/wp-content\/uploads\/2022\/07\/1-7-150x100.jpg 150w, https:\/\/archive.sana.sy\/tr\/wp-content\/uploads\/2022\/07\/1-7.jpg 660w\" sizes=\"auto, (max-width: 300px) 100vw, 300px\" \/>Gezi, Halep Kalesi&#8217;nin \u00e7evresini de kaps\u0131yor ve Kale&#8217;nin \u00e7evresini pop\u00fcler turizm alan\u0131 konumuna getirmek i\u00e7in yap\u0131lan i\u015f ve hizmet projelerinin g\u00f6zden ge\u00e7irildi\u011fi bir yerdi.<\/p>\n<p>M\u00fchendis Arnus, Halep \u015fehrinin toparlanmas\u0131n\u0131 ve ekonomik ve sosyal aktivitenin Halep&#8217;e geri d\u00f6n\u00fc\u015f\u00fcn\u00fc somutla\u015ft\u0131ran bu olaylar\u0131n \u00f6nemine dikkat \u00e7ekerek, ekonomik ve tarihi konumuyla Halep&#8217;in Suriye Arap Ordusu&#8217;nun fedakarl\u0131klar\u0131 sayesinde bug\u00fcn ivme ve faaliyetine geri d\u00f6nd\u00fc\u011f\u00fcne dikkat \u00e7ekti.<\/p>\n<p>Ba\u015fbakan bir dizi \u015fehir pazar\u0131n\u0131 ve pop\u00fcler mahalleleri de gezdi.<\/p>\n<p>M\u00fchendis Arnus \u00e7ok say\u0131da vatanda\u015fla g\u00f6r\u00fc\u015ft\u00fc ve hizmet taleplerini dinleyerek, H\u00fck\u00fcmetin, valilikteki hizmet ve kalk\u0131nma ger\u00e7ekli\u011fini iyile\u015ftirme ve halk\u0131n\u0131n \u00e7e\u015fitli ihtiya\u00e7 ve gereksinimlerini g\u00fcvence alt\u0131na almak i\u00e7in m\u00fcmk\u00fcn olan t\u00fcm ara\u00e7larla \u00e7al\u0131\u015fma konusundaki \u0131srar\u0131n\u0131 vurgulad\u0131.<\/p>\n<p>Ba\u015fbakan, Halep Ticaret Odas\u0131 i\u015fbirli\u011fiyle valilik taraf\u0131ndan d\u00fczenlenen ve &#8220;\u00fcreticiden t\u00fcketiciye&#8221; \u00e7e\u015fitli malzemeleri i\u00e7eren 160 pavyonu i\u00e7eren ve y\u00fczde 50&#8217;ye varan indirimlerle &#8220;Kurban Bayram\u0131&#8221; festivalini de ziyaret etti..<\/p>\n<p><img loading=\"lazy\" decoding=\"async\" class=\"size-medium wp-image-258557 alignright\" src=\"http:\/\/107.6.182.27\/tr\/wp-content\/uploads\/2022\/07\/2-7-300x225.jpg\" alt=\"\" width=\"300\" height=\"225\" srcset=\"https:\/\/archive.sana.sy\/tr\/wp-content\/uploads\/2022\/07\/2-7-300x225.jpg 300w, https:\/\/archive.sana.sy\/tr\/wp-content\/uploads\/2022\/07\/2-7-150x113.jpg 150w, https:\/\/archive.sana.sy\/tr\/wp-content\/uploads\/2022\/07\/2-7.jpg 660w\" sizes=\"auto, (max-width: 300px) 100vw, 300px\" \/>Ba\u015fbakan gazetecilere yapt\u0131\u011f\u0131 a\u00e7\u0131klamada, Halep pazarlar\u0131na canl\u0131l\u0131k ve hareketlili\u011fin geri d\u00f6nmesinden duydu\u011fu mutlulu\u011fu dile getirerek, \u201cvalilik, Ticaret Odas\u0131 ve Suriye Kalk\u0131nma Vakf\u0131 i\u015f birli\u011fiyle d\u00fczenlenen Halep Yolu \u015eenli\u011fi, \u00f6zellikle Kurban Bayram\u0131&#8217;n\u0131n yakla\u015fmas\u0131yla birlikte hareketlili\u011fin artmas\u0131na neden oldu\u201d dedi.<\/p>\n<p>Arnus, \u201cbu, t\u00fcm Suriye vatanda\u015flar\u0131n\u0131n u\u011frak yeri olan Halep&#8217;teki pazarlar\u0131n asaletini ve ger\u00e7ekli\u011fini do\u011fruluyor&#8221; dedi.<\/p>\n<p>M\u00fchendis Arnus, Cumhurba\u015fkan\u0131 Be\u015f\u015far Esad&#8217;\u0131n rehberli\u011finde eski pazarlar\u0131n eski d\u00f6nemlerine d\u00f6nmek i\u00e7in rehabilite edildi\u011fini a\u00e7\u0131klad\u0131.<\/p>\n<p>M\u00fchendis Arnus, y\u0131k\u0131m\u0131n boyutunun b\u00fcy\u00fck oldu\u011funu, ancak yeniden in\u015fa etme iradesinin, \u00e7al\u0131\u015fmas\u0131n\u0131n ve kararl\u0131l\u0131\u011f\u0131n\u0131n daha b\u00fcy\u00fck oldu\u011funa dikkat \u00e7ekti.<\/p>\n<p>Geziye Su Kaynaklar\u0131 ve Elektrik Bakanlar\u0131 ile Halep Valisi kat\u0131ld\u0131.<\/p>\n<p><span style=\"color: #0000ff;\">#Telegram_Kanal\u0131m\u0131z: https:\/\/t.me\/SuriyeArapHaberAjans<\/span><\/p>\n<div id='gallery-1' class='gallery galleryid-258555 gallery-columns-2 gallery-size-full'><figure class='gallery-item'>\n\t\t\t<div class='gallery-icon landscape'>\n\t\t\t\t<a href='https:\/\/archive.sana.sy\/tr\/wp-content\/uploads\/2022\/07\/DSC_0057.jpg'><img loading=\"lazy\" decoding=\"async\" width=\"660\" height=\"456\" src=\"https:\/\/archive.sana.sy\/tr\/wp-content\/uploads\/2022\/07\/DSC_0057.jpg\" class=\"attachment-full size-full\" alt=\"\" srcset=\"https:\/\/archive.sana.sy\/tr\/wp-content\/uploads\/2022\/07\/DSC_0057.jpg 660w, https:\/\/archive.sana.sy\/tr\/wp-content\/uploads\/2022\/07\/DSC_0057-300x207.jpg 300w, https:\/\/archive.sana.sy\/tr\/wp-content\/uploads\/2022\/07\/DSC_0057-150x104.jpg 150w, https:\/\/archive.sana.sy\/tr\/wp-content\/uploads\/2022\/07\/DSC_0057-110x75.jpg 110w\" sizes=\"auto, (max-width: 660px) 100vw, 660px\" \/><\/a>\n\t\t\t<\/div><\/figure><figure class='gallery-item'>\n\t\t\t<div class='gallery-icon landscape'>\n\t\t\t\t<a href='https:\/\/archive.sana.sy\/tr\/wp-content\/uploads\/2022\/07\/DSC_0087.jpg'><img loading=\"lazy\" decoding=\"async\" width=\"660\" height=\"441\" src=\"https:\/\/archive.sana.sy\/tr\/wp-content\/uploads\/2022\/07\/DSC_0087.jpg\" class=\"attachment-full size-full\" alt=\"\" srcset=\"https:\/\/archive.sana.sy\/tr\/wp-content\/uploads\/2022\/07\/DSC_0087.jpg 660w, https:\/\/archive.sana.sy\/tr\/wp-content\/uploads\/2022\/07\/DSC_0087-300x200.jpg 300w, https:\/\/archive.sana.sy\/tr\/wp-content\/uploads\/2022\/07\/DSC_0087-150x100.jpg 150w, https:\/\/archive.sana.sy\/tr\/wp-content\/uploads\/2022\/07\/DSC_0087-110x75.jpg 110w\" sizes=\"auto, (max-width: 660px) 100vw, 660px\" \/><\/a>\n\t\t\t<\/div><\/figure><figure class='gallery-item'>\n\t\t\t<div class='gallery-icon landscape'>\n\t\t\t\t<a href='https:\/\/archive.sana.sy\/tr\/wp-content\/uploads\/2022\/07\/DSC_0113.jpg'><img loading=\"lazy\" decoding=\"async\" width=\"660\" height=\"441\" src=\"https:\/\/archive.sana.sy\/tr\/wp-content\/uploads\/2022\/07\/DSC_0113.jpg\" class=\"attachment-full size-full\" alt=\"\" srcset=\"https:\/\/archive.sana.sy\/tr\/wp-content\/uploads\/2022\/07\/DSC_0113.jpg 660w, https:\/\/archive.sana.sy\/tr\/wp-content\/uploads\/2022\/07\/DSC_0113-300x200.jpg 300w, https:\/\/archive.sana.sy\/tr\/wp-content\/uploads\/2022\/07\/DSC_0113-150x100.jpg 150w, https:\/\/archive.sana.sy\/tr\/wp-content\/uploads\/2022\/07\/DSC_0113-110x75.jpg 110w\" sizes=\"auto, (max-width: 660px) 100vw, 660px\" \/><\/a>\n\t\t\t<\/div><\/figure><figure class='gallery-item'>\n\t\t\t<div class='gallery-icon landscape'>\n\t\t\t\t<a href='https:\/\/archive.sana.sy\/tr\/wp-content\/uploads\/2022\/07\/DSC_0156.jpg'><img loading=\"lazy\" decoding=\"async\" width=\"660\" height=\"493\" src=\"https:\/\/archive.sana.sy\/tr\/wp-content\/uploads\/2022\/07\/DSC_0156.jpg\" class=\"attachment-full size-full\" alt=\"\" srcset=\"https:\/\/archive.sana.sy\/tr\/wp-content\/uploads\/2022\/07\/DSC_0156.jpg 660w, https:\/\/archive.sana.sy\/tr\/wp-content\/uploads\/2022\/07\/DSC_0156-300x224.jpg 300w, https:\/\/archive.sana.sy\/tr\/wp-content\/uploads\/2022\/07\/DSC_0156-150x112.jpg 150w\" sizes=\"auto, (max-width: 660px) 100vw, 660px\" \/><\/a>\n\t\t\t<\/div><\/figure>\n\t\t<\/div>\n\n","protected":false},"excerpt":{"rendered":"<p>HALEP \u2013 Ba\u015fbakan M\u00fchendis H\u00fcseyin Arnus, Halep Valili\u011fi, Ticaret Odas\u0131 ve Suriye Kalk\u0131nma Vakf\u0131 taraf\u0131ndan d\u00fczenlenen \u201cHalep Yolu\u201d festivalini ziyaret etti. Festivalin \u0130pek Pazarlar\u0131, El Saktiye, El Bunduk Meydan\u0131, Khan El Tutun El Kebir ve El Zarb Pazar\u0131 i\u00e7inde bir dizi k\u00fclt\u00fcrel ve sanatsal etkinlik ve e\u011flence yar\u0131\u015fmalar\u0131na ev sahipli\u011fi yapt\u0131\u011f\u0131 yer. Gezi, Halep Kalesi&#8217;nin &hellip;<\/p>\n","protected":false},"author":36,"featured_media":258562,"comment_status":"closed","ping_status":"closed","sticky":false,"template":"","format":"standard","meta":{"footnotes":""},"categories":[596,479,17988,478],"tags":[],"class_list":["post-258555","post","type-post","status-publish","format-standard","has-post-thumbnail","","category-fotografli-raporlar","category-haberler-yerel","category-son-haberler","category-yerel"],"_links":{"self":[{"href":"https:\/\/archive.sana.sy\/tr\/index.php?rest_route=\/wp\/v2\/posts\/258555","targetHints":{"allow":["GET"]}}],"collection":[{"href":"https:\/\/archive.sana.sy\/tr\/index.php?rest_route=\/wp\/v2\/posts"}],"about":[{"href":"https:\/\/archive.sana.sy\/tr\/index.php?rest_route=\/wp\/v2\/types\/post"}],"author":[{"embeddable":true,"href":"https:\/\/archive.sana.sy\/tr\/index.php?rest_route=\/wp\/v2\/users\/36"}],"replies":[{"embeddable":true,"href":"https:\/\/archive.sana.sy\/tr\/index.php?rest_route=%2Fwp%2Fv2%2Fcomments&post=258555"}],"version-history":[{"count":0,"href":"https:\/\/archive.sana.sy\/tr\/index.php?rest_route=\/wp\/v2\/posts\/258555\/revisions"}],"wp:featuredmedia":[{"embeddable":true,"href":"https:\/\/archive.sana.sy\/tr\/index.php?rest_route=\/wp\/v2\/media\/258562"}],"wp:attachment":[{"href":"https:\/\/archive.sana.sy\/tr\/index.php?rest_route=%2Fwp%2Fv2%2Fmedia&parent=258555"}],"wp:term":[{"taxonomy":"category","embeddable":true,"href":"https:\/\/archive.sana.sy\/tr\/index.php?rest_route=%2Fwp%2Fv2%2Fcategories&post=258555"},{"taxonomy":"post_tag","embeddable":true,"href":"https:\/\/archive.sana.sy\/tr\/index.php?rest_route=%2Fwp%2Fv2%2Ftags&post=258555"}],"curies":[{"name":"wp","href":"https:\/\/api.w.org\/{rel}","templated":true}]}}