{"id":258570,"date":"2022-07-08T16:58:23","date_gmt":"2022-07-08T13:58:23","guid":{"rendered":"http:\/\/107.6.182.27\/tr\/?p=258570"},"modified":"2022-07-11T09:26:17","modified_gmt":"2022-07-11T06:26:17","slug":"cumhurbaskani-esad-isciler-ve-teknisyenlerle-birlikte-tel-hasel-istasyonundan-su-pompalama-calismalarini-baslatti","status":"publish","type":"post","link":"https:\/\/archive.sana.sy\/tr\/?p=258570","title":{"rendered":"Cumhurba\u015fkan\u0131 Esad \u0130\u015f\u00e7iler Ve Teknisyenlerle Birlikte Tel Hasel \u0130stasyonundan Su Pompalama \u00c7al\u0131\u015fmalar\u0131n\u0131 Ba\u015flatt\u0131"},"content":{"rendered":"<p style=\"text-align: justify;\">HALEP &#8211; Cumhurba\u015fkan\u0131 Be\u015f\u015far Esad, Halep k\u0131rsal\u0131ndaki Tel Hasel&#8217;deki su terfi istasyonundaki i\u015f\u00e7i ve teknisyenlere kat\u0131larak, Kuveyk Nehri&#8217;ni beslemek i\u00e7in Handarat&#8217;taki \u015felale alan\u0131na fiili ve kal\u0131c\u0131 su pompalama operasyonlar\u0131n\u0131 ba\u015flatt\u0131 ve onunla birlikte Kuveyk Nehri&#8217;nin ak\u0131\u015f\u0131n\u0131 sa\u011flayarak Halep \u015fehrinin mahalleleri ve sokaklar\u0131 aras\u0131ndaki ge\u00e7i\u015fi sa\u011flad\u0131.<\/p>\n<p style=\"text-align: justify;\">Halep kentinden ayr\u0131ld\u0131ktan sonra bu su, Halep&#8217;in g\u00fcney ovalar\u0131nda yakla\u015f\u0131k 8.500 hektar tar\u0131m arazisini sulayacak.<\/p>\n<p style=\"text-align: justify;\">Cumhurba\u015fkan\u0131 Esad, Halep&#8217;in tar\u0131m ovalar\u0131nda sulama sisteminin \u00f6nemli bir par\u00e7as\u0131 oldu\u011fu i\u00e7in istasyonun t\u00fcm motorlar\u0131n\u0131n rehabilite edilmesinin \u00f6nemini vurgulad\u0131.<\/p>\n<p style=\"text-align: justify;\">Cumhurba\u015fkan\u0131 Esad, Halep&#8217;in tar\u0131m ovalar\u0131n\u0131 sulamak i\u00e7in b\u00fcy\u00fck bir ulusal projenin par\u00e7as\u0131 olarak 2008 y\u0131l\u0131nda Tel Hasel istasyonunu a\u00e7m\u0131\u015ft\u0131, ancak 2012&#8217;de oradaki alan\u0131n istasyonu tamamen tahrip eden ter\u00f6r \u00f6rg\u00fctleri taraf\u0131ndan i\u015fgal edilmesinden sonra hizmet d\u0131\u015f\u0131 kalm\u0131\u015ft\u0131.<\/p>\n<p style=\"text-align: justify;\">Cumhurba\u015fkan\u0131 Esad&#8217;a termal istasyonu ziyaretinde Ba\u015fbakan H\u00fcseyin Arnus, Su Kaynaklar\u0131 Bakan\u0131 Temmam Raad ve Halep Valisi H\u00fcseyin Diab e\u015flik etti.<\/p>\n<p style=\"text-align: justify;\">\n","protected":false},"excerpt":{"rendered":"<p>HALEP &#8211; Cumhurba\u015fkan\u0131 Be\u015f\u015far Esad, Halep k\u0131rsal\u0131ndaki Tel Hasel&#8217;deki su terfi istasyonundaki i\u015f\u00e7i ve teknisyenlere kat\u0131larak, Kuveyk Nehri&#8217;ni beslemek i\u00e7in Handarat&#8217;taki \u015felale alan\u0131na fiili ve kal\u0131c\u0131 su pompalama operasyonlar\u0131n\u0131 ba\u015flatt\u0131 ve onunla birlikte Kuveyk Nehri&#8217;nin ak\u0131\u015f\u0131n\u0131 sa\u011flayarak Halep \u015fehrinin mahalleleri ve sokaklar\u0131 aras\u0131ndaki ge\u00e7i\u015fi sa\u011flad\u0131. Halep kentinden ayr\u0131ld\u0131ktan sonra bu su, Halep&#8217;in g\u00fcney ovalar\u0131nda yakla\u015f\u0131k &hellip;<\/p>\n","protected":false},"author":1,"featured_media":258571,"comment_status":"closed","ping_status":"closed","sticky":false,"template":"","format":"standard","meta":{"footnotes":""},"categories":[479,17988,478],"tags":[],"class_list":["post-258570","post","type-post","status-publish","format-standard","has-post-thumbnail","","category-haberler-yerel","category-son-haberler","category-yerel"],"_links":{"self":[{"href":"https:\/\/archive.sana.sy\/tr\/index.php?rest_route=\/wp\/v2\/posts\/258570","targetHints":{"allow":["GET"]}}],"collection":[{"href":"https:\/\/archive.sana.sy\/tr\/index.php?rest_route=\/wp\/v2\/posts"}],"about":[{"href":"https:\/\/archive.sana.sy\/tr\/index.php?rest_route=\/wp\/v2\/types\/post"}],"author":[{"embeddable":true,"href":"https:\/\/archive.sana.sy\/tr\/index.php?rest_route=\/wp\/v2\/users\/1"}],"replies":[{"embeddable":true,"href":"https:\/\/archive.sana.sy\/tr\/index.php?rest_route=%2Fwp%2Fv2%2Fcomments&post=258570"}],"version-history":[{"count":0,"href":"https:\/\/archive.sana.sy\/tr\/index.php?rest_route=\/wp\/v2\/posts\/258570\/revisions"}],"wp:featuredmedia":[{"embeddable":true,"href":"https:\/\/archive.sana.sy\/tr\/index.php?rest_route=\/wp\/v2\/media\/258571"}],"wp:attachment":[{"href":"https:\/\/archive.sana.sy\/tr\/index.php?rest_route=%2Fwp%2Fv2%2Fmedia&parent=258570"}],"wp:term":[{"taxonomy":"category","embeddable":true,"href":"https:\/\/archive.sana.sy\/tr\/index.php?rest_route=%2Fwp%2Fv2%2Fcategories&post=258570"},{"taxonomy":"post_tag","embeddable":true,"href":"https:\/\/archive.sana.sy\/tr\/index.php?rest_route=%2Fwp%2Fv2%2Ftags&post=258570"}],"curies":[{"name":"wp","href":"https:\/\/api.w.org\/{rel}","templated":true}]}}