{"id":258573,"date":"2022-07-08T17:11:10","date_gmt":"2022-07-08T14:11:10","guid":{"rendered":"http:\/\/107.6.182.27\/tr\/?p=258573"},"modified":"2022-07-11T09:26:33","modified_gmt":"2022-07-11T06:26:33","slug":"cumhurbaskani-esadin-katilimiyla-halep-termik-santralinin-rehabilitasyonunun-ardindan-5-uretim-unitesi-calismalarina-basladi","status":"publish","type":"post","link":"https:\/\/archive.sana.sy\/tr\/?p=258573","title":{"rendered":"Cumhurba\u015fkan\u0131 Esad&#8217;\u0131n Kat\u0131l\u0131m\u0131yla.. Halep Termik Santrali&#8217;nin Rehabilitasyonunun Ard\u0131ndan 5. \u00dcretim \u00dcnitesi \u00c7al\u0131\u015fmalar\u0131na Ba\u015flad\u0131 (V\u0130DEO)"},"content":{"rendered":"<p style=\"text-align: justify;\">HALEP &#8211; Alt\u0131 y\u0131l \u00f6nce Suriye Arap Ordusu kahramanlar\u0131 Halep ilinin do\u011fu k\u0131rsal\u0131ndaki termik santrali kurtard\u0131, bug\u00fcn ise Suriyeli m\u00fchendis, teknisyen ve i\u015f\u00e7iler, uzmanl\u0131k ve kararl\u0131l\u0131klar\u0131 ve beyaz elleriyle 5. \u00fcretim \u00fcnitesinin rehabilitasyonunu tamamlad\u0131lar.<\/p>\n<p style=\"text-align: justify;\"><img loading=\"lazy\" decoding=\"async\" class=\"size-medium wp-image-258639 alignright\" src=\"http:\/\/107.6.182.27\/tr\/wp-content\/uploads\/2022\/07\/9999999999999999999-207x300.jpg\" alt=\"\" width=\"207\" height=\"300\" srcset=\"https:\/\/archive.sana.sy\/tr\/wp-content\/uploads\/2022\/07\/9999999999999999999-207x300.jpg 207w, https:\/\/archive.sana.sy\/tr\/wp-content\/uploads\/2022\/07\/9999999999999999999-708x1024.jpg 708w, https:\/\/archive.sana.sy\/tr\/wp-content\/uploads\/2022\/07\/9999999999999999999-104x150.jpg 104w, https:\/\/archive.sana.sy\/tr\/wp-content\/uploads\/2022\/07\/9999999999999999999-768x1111.jpg 768w, https:\/\/archive.sana.sy\/tr\/wp-content\/uploads\/2022\/07\/9999999999999999999-1062x1536.jpg 1062w, https:\/\/archive.sana.sy\/tr\/wp-content\/uploads\/2022\/07\/9999999999999999999.jpg 1200w\" sizes=\"auto, (max-width: 207px) 100vw, 207px\" \/>Bug\u00fcn de Cumhurba\u015fkan\u0131 Be\u015f\u015far Esad, Halep Termik Santrali&#8217;nde uzmanlar, i\u015f\u00e7iler ve teknisyenler aras\u0131nda haz\u0131r bulundu ve onlarla birlikte Halep iline 200 megavat elektrik enerjisi tedarik edecek olan istasyonun rehabilitasyonunun ard\u0131ndan 5. \u00dcretim \u00dcnitesi \u00e7al\u0131\u015fmalar\u0131n\u0131n ba\u015flat\u0131lmas\u0131na tan\u0131k oldu.<\/p>\n<p style=\"text-align: justify;\">Cumhurba\u015fkan\u0131 Esad, onar\u0131m ve yeniden yap\u0131lanma \u00e7al\u0131\u015fmalar\u0131n\u0131n tamamlanmas\u0131n\u0131n ard\u0131ndan hizmete girecek olan kalan d\u00f6rt jenerat\u00f6r setinde devam eden rehabilitasyon \u00e7al\u0131\u015fmalar\u0131 hakk\u0131nda da bilgi ald\u0131.<\/p>\n<p style=\"text-align: justify;\">Esad, istasyon personelini sahan\u0131n o\u011fullar\u0131 olarak nitelendirerek, Halep ilinin ter\u00f6r ve sabotajlar nedeniyle di\u011fer illere ve dolay\u0131s\u0131yla K\u00fcrt halk\u0131na g\u00f6re daha fazla ac\u0131 \u00e7ekti\u011fini g\u00f6z \u00f6n\u00fcnde bulundurarak, \u00e7abalar\u0131ndan, \u00f6zverilerinden ve samimiyetlerinden gurur duyduklar\u0131n\u0131 ifade ederek dolay\u0131s\u0131yla Halep&#8217;in, istasyonun \u0131slah edilmesinden en \u00e7ok yararlanmas\u0131n\u0131n do\u011fal hakk\u0131 oldu\u011funu s\u00f6yledi.<\/p>\n<p style=\"text-align: justify;\">Cumhurba\u015fkan\u0131 Esad, Suriye i\u015f\u00e7ilerinin ter\u00f6rle yok edilenleri yeniden in\u015fa eden, emek, yar\u0131\u015f ve \u015fehitler veren cephedeki ikinci grup oldu\u011funu belirterek, Halep Termik Santrali&#8217;ndeki rehabilitasyon ve restorasyon \u00e7al\u0131\u015fmalar\u0131n\u0131n tek bir mesaj verdi\u011fini s\u00f6yledi.<\/p>\n<p style=\"text-align: justify;\">Cumhurba\u015fkan\u0131 Esad&#8217;a termik istasyonu ziyaretinde Ba\u015fbakan H\u00fcseyin Arnus, Elektrik Bakan\u0131 Gassan el Zamil ve Halep Valisi H\u00fcseyin Diyab e\u015flik etti.<\/p>\n<p style=\"text-align: center;\"><iframe loading=\"lazy\" title=\"\u062d\u062f\u064a\u062b \u0627\u0644\u0631\u0626\u064a\u0633 \u0627\u0644\u0623\u0633\u062f \u0644\u0643\u0648\u0627\u062f\u0631 \u0627\u0644\u0645\u062d\u0637\u0629 \u0627\u0644\u062d\u0631\u0627\u0631\u064a\u0629 \u0641\u064a \u0631\u064a\u0641 \u062d\u0644\u0628 \u0627\u0644\u0634\u0631\u0642\u064a\" src=\"https:\/\/www.youtube.com\/embed\/SZafjdzbbW0\" width=\"620\" height=\"348\" frameborder=\"0\" allowfullscreen=\"allowfullscreen\"><\/iframe><\/p>\n<div id='gallery-1' class='gallery galleryid-258573 gallery-columns-1 gallery-size-full'><figure class='gallery-item'>\n\t\t\t<div class='gallery-icon landscape'>\n\t\t\t\t<a href='https:\/\/archive.sana.sy\/tr\/wp-content\/uploads\/2022\/07\/2-58.jpg'><img loading=\"lazy\" decoding=\"async\" width=\"1200\" height=\"800\" src=\"https:\/\/archive.sana.sy\/tr\/wp-content\/uploads\/2022\/07\/2-58.jpg\" class=\"attachment-full size-full\" alt=\"\" srcset=\"https:\/\/archive.sana.sy\/tr\/wp-content\/uploads\/2022\/07\/2-58.jpg 1200w, https:\/\/archive.sana.sy\/tr\/wp-content\/uploads\/2022\/07\/2-58-300x200.jpg 300w, https:\/\/archive.sana.sy\/tr\/wp-content\/uploads\/2022\/07\/2-58-1024x683.jpg 1024w, https:\/\/archive.sana.sy\/tr\/wp-content\/uploads\/2022\/07\/2-58-150x100.jpg 150w, https:\/\/archive.sana.sy\/tr\/wp-content\/uploads\/2022\/07\/2-58-768x512.jpg 768w\" sizes=\"auto, (max-width: 1200px) 100vw, 1200px\" \/><\/a>\n\t\t\t<\/div><\/figure><figure class='gallery-item'>\n\t\t\t<div class='gallery-icon landscape'>\n\t\t\t\t<a href='https:\/\/archive.sana.sy\/tr\/wp-content\/uploads\/2022\/07\/5-27.jpg'><img loading=\"lazy\" decoding=\"async\" width=\"1200\" height=\"771\" src=\"https:\/\/archive.sana.sy\/tr\/wp-content\/uploads\/2022\/07\/5-27.jpg\" class=\"attachment-full size-full\" alt=\"\" srcset=\"https:\/\/archive.sana.sy\/tr\/wp-content\/uploads\/2022\/07\/5-27.jpg 1200w, https:\/\/archive.sana.sy\/tr\/wp-content\/uploads\/2022\/07\/5-27-300x193.jpg 300w, https:\/\/archive.sana.sy\/tr\/wp-content\/uploads\/2022\/07\/5-27-1024x658.jpg 1024w, https:\/\/archive.sana.sy\/tr\/wp-content\/uploads\/2022\/07\/5-27-150x96.jpg 150w, https:\/\/archive.sana.sy\/tr\/wp-content\/uploads\/2022\/07\/5-27-768x493.jpg 768w\" sizes=\"auto, (max-width: 1200px) 100vw, 1200px\" \/><\/a>\n\t\t\t<\/div><\/figure><figure class='gallery-item'>\n\t\t\t<div class='gallery-icon landscape'>\n\t\t\t\t<a href='https:\/\/archive.sana.sy\/tr\/wp-content\/uploads\/2022\/07\/6-21.jpg'><img loading=\"lazy\" decoding=\"async\" width=\"1200\" height=\"800\" src=\"https:\/\/archive.sana.sy\/tr\/wp-content\/uploads\/2022\/07\/6-21.jpg\" class=\"attachment-full size-full\" alt=\"\" srcset=\"https:\/\/archive.sana.sy\/tr\/wp-content\/uploads\/2022\/07\/6-21.jpg 1200w, https:\/\/archive.sana.sy\/tr\/wp-content\/uploads\/2022\/07\/6-21-300x200.jpg 300w, https:\/\/archive.sana.sy\/tr\/wp-content\/uploads\/2022\/07\/6-21-1024x683.jpg 1024w, https:\/\/archive.sana.sy\/tr\/wp-content\/uploads\/2022\/07\/6-21-150x100.jpg 150w, https:\/\/archive.sana.sy\/tr\/wp-content\/uploads\/2022\/07\/6-21-768x512.jpg 768w\" sizes=\"auto, (max-width: 1200px) 100vw, 1200px\" \/><\/a>\n\t\t\t<\/div><\/figure><figure class='gallery-item'>\n\t\t\t<div class='gallery-icon landscape'>\n\t\t\t\t<a href='https:\/\/archive.sana.sy\/tr\/wp-content\/uploads\/2022\/07\/7-19.jpg'><img loading=\"lazy\" decoding=\"async\" width=\"1200\" height=\"800\" src=\"https:\/\/archive.sana.sy\/tr\/wp-content\/uploads\/2022\/07\/7-19.jpg\" class=\"attachment-full size-full\" alt=\"\" srcset=\"https:\/\/archive.sana.sy\/tr\/wp-content\/uploads\/2022\/07\/7-19.jpg 1200w, https:\/\/archive.sana.sy\/tr\/wp-content\/uploads\/2022\/07\/7-19-300x200.jpg 300w, https:\/\/archive.sana.sy\/tr\/wp-content\/uploads\/2022\/07\/7-19-1024x683.jpg 1024w, https:\/\/archive.sana.sy\/tr\/wp-content\/uploads\/2022\/07\/7-19-150x100.jpg 150w, https:\/\/archive.sana.sy\/tr\/wp-content\/uploads\/2022\/07\/7-19-768x512.jpg 768w\" sizes=\"auto, (max-width: 1200px) 100vw, 1200px\" \/><\/a>\n\t\t\t<\/div><\/figure><figure class='gallery-item'>\n\t\t\t<div class='gallery-icon landscape'>\n\t\t\t\t<a href='https:\/\/archive.sana.sy\/tr\/wp-content\/uploads\/2022\/07\/8-16.jpg'><img loading=\"lazy\" decoding=\"async\" width=\"1200\" height=\"764\" src=\"https:\/\/archive.sana.sy\/tr\/wp-content\/uploads\/2022\/07\/8-16.jpg\" class=\"attachment-full size-full\" alt=\"\" srcset=\"https:\/\/archive.sana.sy\/tr\/wp-content\/uploads\/2022\/07\/8-16.jpg 1200w, https:\/\/archive.sana.sy\/tr\/wp-content\/uploads\/2022\/07\/8-16-300x191.jpg 300w, https:\/\/archive.sana.sy\/tr\/wp-content\/uploads\/2022\/07\/8-16-1024x652.jpg 1024w, https:\/\/archive.sana.sy\/tr\/wp-content\/uploads\/2022\/07\/8-16-150x96.jpg 150w, https:\/\/archive.sana.sy\/tr\/wp-content\/uploads\/2022\/07\/8-16-768x489.jpg 768w\" sizes=\"auto, (max-width: 1200px) 100vw, 1200px\" \/><\/a>\n\t\t\t<\/div><\/figure><figure class='gallery-item'>\n\t\t\t<div class='gallery-icon landscape'>\n\t\t\t\t<a href='https:\/\/archive.sana.sy\/tr\/wp-content\/uploads\/2022\/07\/photo_2022-07-08_14-44-49-.jpg'><img loading=\"lazy\" decoding=\"async\" width=\"1200\" height=\"800\" src=\"https:\/\/archive.sana.sy\/tr\/wp-content\/uploads\/2022\/07\/photo_2022-07-08_14-44-49-.jpg\" class=\"attachment-full size-full\" alt=\"\" srcset=\"https:\/\/archive.sana.sy\/tr\/wp-content\/uploads\/2022\/07\/photo_2022-07-08_14-44-49-.jpg 1200w, https:\/\/archive.sana.sy\/tr\/wp-content\/uploads\/2022\/07\/photo_2022-07-08_14-44-49--300x200.jpg 300w, https:\/\/archive.sana.sy\/tr\/wp-content\/uploads\/2022\/07\/photo_2022-07-08_14-44-49--1024x683.jpg 1024w, https:\/\/archive.sana.sy\/tr\/wp-content\/uploads\/2022\/07\/photo_2022-07-08_14-44-49--150x100.jpg 150w, https:\/\/archive.sana.sy\/tr\/wp-content\/uploads\/2022\/07\/photo_2022-07-08_14-44-49--768x512.jpg 768w\" sizes=\"auto, (max-width: 1200px) 100vw, 1200px\" \/><\/a>\n\t\t\t<\/div><\/figure>\n\t\t<\/div>\n\n","protected":false},"excerpt":{"rendered":"<p>HALEP &#8211; Alt\u0131 y\u0131l \u00f6nce Suriye Arap Ordusu kahramanlar\u0131 Halep ilinin do\u011fu k\u0131rsal\u0131ndaki termik santrali kurtard\u0131, bug\u00fcn ise Suriyeli m\u00fchendis, teknisyen ve i\u015f\u00e7iler, uzmanl\u0131k ve kararl\u0131l\u0131klar\u0131 ve beyaz elleriyle 5. \u00fcretim \u00fcnitesinin rehabilitasyonunu tamamlad\u0131lar. Bug\u00fcn de Cumhurba\u015fkan\u0131 Be\u015f\u015far Esad, Halep Termik Santrali&#8217;nde uzmanlar, i\u015f\u00e7iler ve teknisyenler aras\u0131nda haz\u0131r bulundu ve onlarla birlikte Halep iline 200 &hellip;<\/p>\n","protected":false},"author":1,"featured_media":258574,"comment_status":"closed","ping_status":"closed","sticky":false,"template":"","format":"standard","meta":{"footnotes":""},"categories":[479,17988,478],"tags":[],"class_list":["post-258573","post","type-post","status-publish","format-standard","has-post-thumbnail","","category-haberler-yerel","category-son-haberler","category-yerel"],"_links":{"self":[{"href":"https:\/\/archive.sana.sy\/tr\/index.php?rest_route=\/wp\/v2\/posts\/258573","targetHints":{"allow":["GET"]}}],"collection":[{"href":"https:\/\/archive.sana.sy\/tr\/index.php?rest_route=\/wp\/v2\/posts"}],"about":[{"href":"https:\/\/archive.sana.sy\/tr\/index.php?rest_route=\/wp\/v2\/types\/post"}],"author":[{"embeddable":true,"href":"https:\/\/archive.sana.sy\/tr\/index.php?rest_route=\/wp\/v2\/users\/1"}],"replies":[{"embeddable":true,"href":"https:\/\/archive.sana.sy\/tr\/index.php?rest_route=%2Fwp%2Fv2%2Fcomments&post=258573"}],"version-history":[{"count":0,"href":"https:\/\/archive.sana.sy\/tr\/index.php?rest_route=\/wp\/v2\/posts\/258573\/revisions"}],"wp:featuredmedia":[{"embeddable":true,"href":"https:\/\/archive.sana.sy\/tr\/index.php?rest_route=\/wp\/v2\/media\/258574"}],"wp:attachment":[{"href":"https:\/\/archive.sana.sy\/tr\/index.php?rest_route=%2Fwp%2Fv2%2Fmedia&parent=258573"}],"wp:term":[{"taxonomy":"category","embeddable":true,"href":"https:\/\/archive.sana.sy\/tr\/index.php?rest_route=%2Fwp%2Fv2%2Fcategories&post=258573"},{"taxonomy":"post_tag","embeddable":true,"href":"https:\/\/archive.sana.sy\/tr\/index.php?rest_route=%2Fwp%2Fv2%2Ftags&post=258573"}],"curies":[{"name":"wp","href":"https:\/\/api.w.org\/{rel}","templated":true}]}}