{"id":258576,"date":"2022-07-08T17:25:00","date_gmt":"2022-07-08T14:25:00","guid":{"rendered":"http:\/\/107.6.182.27\/tr\/?p=258576"},"modified":"2022-07-09T08:57:01","modified_gmt":"2022-07-09T05:57:01","slug":"haseke-kirsalinda-aralarinda-cikan-catismada-isgalci-turk-kiraliklarindan-cok-sayida-terorist-yaralandi","status":"publish","type":"post","link":"https:\/\/archive.sana.sy\/tr\/?p=258576","title":{"rendered":"Haseke K\u0131rsal\u0131nda Aralar\u0131nda \u00c7\u0131kan \u00c7at\u0131\u015fmada \u0130\u015fgalci T\u00fcrk Kiral\u0131klar\u0131ndan \u00c7ok Say\u0131da Ter\u00f6rist Yaraland\u0131."},"content":{"rendered":"<p style=\"text-align: justify;\">HASEKE &#8211; Haseke k\u0131rsal\u0131na ba\u011fl\u0131 i\u015fgal alt\u0131ndaki Rasulayn kentinde gerginlik devam ederken aralar\u0131nda \u00e7\u0131kan \u00e7at\u0131\u015fmada \u00e7ok say\u0131da i\u015fgalci T\u00fcrk kiral\u0131\u011f\u0131 ter\u00f6rist yaraland\u0131.<\/p>\n<p style=\"text-align: justify;\">Sivil kaynaklar SANA muhabirine verdi\u011fi deme\u00e7te, d\u00fcn gece T\u00fcrk i\u015fgal g\u00fc\u00e7lerinin destekledi\u011fi s\u00f6zde &#8220;Hamzat&#8221; grubuna mensup iki paral\u0131 grup ter\u00f6rist aras\u0131nda \u00e7\u0131kan \u00e7at\u0131\u015fmada iki taraf aras\u0131nda kay\u0131plara yol a\u00e7t\u0131.<\/p>\n<p style=\"text-align: justify;\">Rasulayn kenti ve k\u00f6ylerinde T\u00fcrk i\u015fgaline ba\u011fl\u0131 \u00e7eteler aras\u0131nda \u00e7\u0131kan \u00e7at\u0131\u015fmalar\u0131n sebepleri genellikle yerinden edilenlerin evlerine, arazilerine ve mallar\u0131na el konulmas\u0131 veya b\u00f6lgedeki bilinen ka\u00e7ak\u00e7\u0131l\u0131k alanlar\u0131 hakk\u0131nda \u00e7\u0131kan anla\u015fmazl\u0131klard\u0131r.<\/p>\n<p style=\"text-align: justify;\">\n","protected":false},"excerpt":{"rendered":"<p>HASEKE &#8211; Haseke k\u0131rsal\u0131na ba\u011fl\u0131 i\u015fgal alt\u0131ndaki Rasulayn kentinde gerginlik devam ederken aralar\u0131nda \u00e7\u0131kan \u00e7at\u0131\u015fmada \u00e7ok say\u0131da i\u015fgalci T\u00fcrk kiral\u0131\u011f\u0131 ter\u00f6rist yaraland\u0131. Sivil kaynaklar SANA muhabirine verdi\u011fi deme\u00e7te, d\u00fcn gece T\u00fcrk i\u015fgal g\u00fc\u00e7lerinin destekledi\u011fi s\u00f6zde &#8220;Hamzat&#8221; grubuna mensup iki paral\u0131 grup ter\u00f6rist aras\u0131nda \u00e7\u0131kan \u00e7at\u0131\u015fmada iki taraf aras\u0131nda kay\u0131plara yol a\u00e7t\u0131. Rasulayn kenti ve k\u00f6ylerinde &hellip;<\/p>\n","protected":false},"author":1,"featured_media":258577,"comment_status":"closed","ping_status":"closed","sticky":false,"template":"","format":"standard","meta":{"footnotes":""},"categories":[479,575,17988,2554,2555,478],"tags":[],"class_list":["post-258576","post","type-post","status-publish","format-standard","has-post-thumbnail","","category-haberler-yerel","category-olaylar-ve-gercekler","category-son-haberler","category-suriye-ve-dunya","category-suriye-ve-turkiye","category-yerel"],"_links":{"self":[{"href":"https:\/\/archive.sana.sy\/tr\/index.php?rest_route=\/wp\/v2\/posts\/258576","targetHints":{"allow":["GET"]}}],"collection":[{"href":"https:\/\/archive.sana.sy\/tr\/index.php?rest_route=\/wp\/v2\/posts"}],"about":[{"href":"https:\/\/archive.sana.sy\/tr\/index.php?rest_route=\/wp\/v2\/types\/post"}],"author":[{"embeddable":true,"href":"https:\/\/archive.sana.sy\/tr\/index.php?rest_route=\/wp\/v2\/users\/1"}],"replies":[{"embeddable":true,"href":"https:\/\/archive.sana.sy\/tr\/index.php?rest_route=%2Fwp%2Fv2%2Fcomments&post=258576"}],"version-history":[{"count":0,"href":"https:\/\/archive.sana.sy\/tr\/index.php?rest_route=\/wp\/v2\/posts\/258576\/revisions"}],"wp:featuredmedia":[{"embeddable":true,"href":"https:\/\/archive.sana.sy\/tr\/index.php?rest_route=\/wp\/v2\/media\/258577"}],"wp:attachment":[{"href":"https:\/\/archive.sana.sy\/tr\/index.php?rest_route=%2Fwp%2Fv2%2Fmedia&parent=258576"}],"wp:term":[{"taxonomy":"category","embeddable":true,"href":"https:\/\/archive.sana.sy\/tr\/index.php?rest_route=%2Fwp%2Fv2%2Fcategories&post=258576"},{"taxonomy":"post_tag","embeddable":true,"href":"https:\/\/archive.sana.sy\/tr\/index.php?rest_route=%2Fwp%2Fv2%2Ftags&post=258576"}],"curies":[{"name":"wp","href":"https:\/\/api.w.org\/{rel}","templated":true}]}}