{"id":258648,"date":"2022-07-09T08:04:29","date_gmt":"2022-07-09T05:04:29","guid":{"rendered":"http:\/\/107.6.182.27\/tr\/?p=258648"},"modified":"2022-07-11T09:27:00","modified_gmt":"2022-07-11T06:27:00","slug":"donetsk-cumhuriyeti-topraklarinda-ukrayna-bombardimaninda-3-sivil-hayatini-kaybetti","status":"publish","type":"post","link":"https:\/\/archive.sana.sy\/tr\/?p=258648","title":{"rendered":"Donetsk Cumhuriyeti Topraklar\u0131nda Ukrayna Bombard\u0131man\u0131nda 3 Sivil Hayat\u0131n\u0131 Kaybetti"},"content":{"rendered":"<p>DONETSK \u2013 Donetsk Halk Cumhuriyeti, d\u00fcn Ukrayna g\u00fc\u00e7lerinin topraklar\u0131na y\u00f6nelik bombard\u0131man\u0131 sonucu \u00fc\u00e7 sivilin hayat\u0131n\u0131 kaybetti\u011fini ve di\u011ferlerinin de yaraland\u0131\u011f\u0131n\u0131 ilan etti.<\/p>\n<p>TASS haber ajans\u0131, cumhuriyetin Ortak Ate\u015fkes Kontrol ve Koordinasyon Merkezi&#8217;ndeki misyonundan aktard\u0131\u011f\u0131na g\u00f6re, &#8220;Donetsk kentinde iki kad\u0131n hayat\u0131n\u0131 kaybetti, iki ki\u015fi de yaraland\u0131, Gorlovka eyaletinin Pantelimonovka banliy\u00f6s\u00fcnde ise bir gen\u00e7 hayat\u0131n\u0131 kaybetti ve \u00fc\u00e7\u00fc \u00e7ocuk 12 ki\u015fi yaraland\u0131&#8221; dedi.<\/p>\n<p><span style=\"color: #0000ff;\">#Telegram_Kanal\u0131m\u0131z: https:\/\/t.me\/SuriyeArapHaberAjans<\/span><\/p>\n","protected":false},"excerpt":{"rendered":"<p>DONETSK \u2013 Donetsk Halk Cumhuriyeti, d\u00fcn Ukrayna g\u00fc\u00e7lerinin topraklar\u0131na y\u00f6nelik bombard\u0131man\u0131 sonucu \u00fc\u00e7 sivilin hayat\u0131n\u0131 kaybetti\u011fini ve di\u011ferlerinin de yaraland\u0131\u011f\u0131n\u0131 ilan etti. TASS haber ajans\u0131, cumhuriyetin Ortak Ate\u015fkes Kontrol ve Koordinasyon Merkezi&#8217;ndeki misyonundan aktard\u0131\u011f\u0131na g\u00f6re, &#8220;Donetsk kentinde iki kad\u0131n hayat\u0131n\u0131 kaybetti, iki ki\u015fi de yaraland\u0131, Gorlovka eyaletinin Pantelimonovka banliy\u00f6s\u00fcnde ise bir gen\u00e7 hayat\u0131n\u0131 kaybetti ve &hellip;<\/p>\n","protected":false},"author":36,"featured_media":258649,"comment_status":"closed","ping_status":"closed","sticky":false,"template":"","format":"standard","meta":{"footnotes":""},"categories":[458,459,17988],"tags":[],"class_list":["post-258648","post","type-post","status-publish","format-standard","has-post-thumbnail","","category-dunya1","category-haberler-arap-uluslararasi-politika","category-son-haberler"],"_links":{"self":[{"href":"https:\/\/archive.sana.sy\/tr\/index.php?rest_route=\/wp\/v2\/posts\/258648","targetHints":{"allow":["GET"]}}],"collection":[{"href":"https:\/\/archive.sana.sy\/tr\/index.php?rest_route=\/wp\/v2\/posts"}],"about":[{"href":"https:\/\/archive.sana.sy\/tr\/index.php?rest_route=\/wp\/v2\/types\/post"}],"author":[{"embeddable":true,"href":"https:\/\/archive.sana.sy\/tr\/index.php?rest_route=\/wp\/v2\/users\/36"}],"replies":[{"embeddable":true,"href":"https:\/\/archive.sana.sy\/tr\/index.php?rest_route=%2Fwp%2Fv2%2Fcomments&post=258648"}],"version-history":[{"count":0,"href":"https:\/\/archive.sana.sy\/tr\/index.php?rest_route=\/wp\/v2\/posts\/258648\/revisions"}],"wp:featuredmedia":[{"embeddable":true,"href":"https:\/\/archive.sana.sy\/tr\/index.php?rest_route=\/wp\/v2\/media\/258649"}],"wp:attachment":[{"href":"https:\/\/archive.sana.sy\/tr\/index.php?rest_route=%2Fwp%2Fv2%2Fmedia&parent=258648"}],"wp:term":[{"taxonomy":"category","embeddable":true,"href":"https:\/\/archive.sana.sy\/tr\/index.php?rest_route=%2Fwp%2Fv2%2Fcategories&post=258648"},{"taxonomy":"post_tag","embeddable":true,"href":"https:\/\/archive.sana.sy\/tr\/index.php?rest_route=%2Fwp%2Fv2%2Ftags&post=258648"}],"curies":[{"name":"wp","href":"https:\/\/api.w.org\/{rel}","templated":true}]}}