{"id":258707,"date":"2022-07-09T17:34:27","date_gmt":"2022-07-09T14:34:27","guid":{"rendered":"http:\/\/107.6.182.27\/tr\/?p=258707"},"modified":"2022-07-11T09:29:18","modified_gmt":"2022-07-11T06:29:18","slug":"258707","status":"publish","type":"post","link":"https:\/\/archive.sana.sy\/tr\/?p=258707","title":{"rendered":"Say\u0131n Esma Esad Halep&#8217;teki \u0130slami Hay\u0131r Kurumu&#8217;nun Yetimhanesini Ziyaret Etti"},"content":{"rendered":"<p style=\"text-align: justify;\"><span style=\"color: #800000;\">HALEP<\/span> \u2013 Say\u0131n Esma Esad, bu sabah Halep&#8217;in S\u00fcryani mahallesindeki \u0130slami Hay\u0131r Kurumu&#8217;nun yetimhanesini ziyaret etti.<\/p>\n<p style=\"text-align: justify;\">Bayan Esma Esad \u00e7ocuklarla g\u00fczel ve e\u011flenceli anlar payla\u015ft\u0131.<\/p>\n<div id='gallery-1' class='gallery galleryid-258707 gallery-columns-1 gallery-size-full'><figure class='gallery-item'>\n\t\t\t<div class='gallery-icon portrait'>\n\t\t\t\t<a href='https:\/\/archive.sana.sy\/tr\/wp-content\/uploads\/2022\/07\/6-2.jpg'><img loading=\"lazy\" decoding=\"async\" width=\"660\" height=\"862\" src=\"https:\/\/archive.sana.sy\/tr\/wp-content\/uploads\/2022\/07\/6-2.jpg\" class=\"attachment-full size-full\" alt=\"\" srcset=\"https:\/\/archive.sana.sy\/tr\/wp-content\/uploads\/2022\/07\/6-2.jpg 660w, https:\/\/archive.sana.sy\/tr\/wp-content\/uploads\/2022\/07\/6-2-230x300.jpg 230w, https:\/\/archive.sana.sy\/tr\/wp-content\/uploads\/2022\/07\/6-2-115x150.jpg 115w\" sizes=\"auto, (max-width: 660px) 100vw, 660px\" \/><\/a>\n\t\t\t<\/div><\/figure><figure class='gallery-item'>\n\t\t\t<div class='gallery-icon landscape'>\n\t\t\t\t<a href='https:\/\/archive.sana.sy\/tr\/wp-content\/uploads\/2022\/07\/5-6.jpg'><img loading=\"lazy\" decoding=\"async\" width=\"660\" height=\"384\" src=\"https:\/\/archive.sana.sy\/tr\/wp-content\/uploads\/2022\/07\/5-6.jpg\" class=\"attachment-full size-full\" alt=\"\" srcset=\"https:\/\/archive.sana.sy\/tr\/wp-content\/uploads\/2022\/07\/5-6.jpg 660w, https:\/\/archive.sana.sy\/tr\/wp-content\/uploads\/2022\/07\/5-6-300x175.jpg 300w, https:\/\/archive.sana.sy\/tr\/wp-content\/uploads\/2022\/07\/5-6-150x87.jpg 150w\" sizes=\"auto, (max-width: 660px) 100vw, 660px\" \/><\/a>\n\t\t\t<\/div><\/figure><figure class='gallery-item'>\n\t\t\t<div class='gallery-icon landscape'>\n\t\t\t\t<a href='https:\/\/archive.sana.sy\/tr\/wp-content\/uploads\/2022\/07\/4-8.jpg'><img loading=\"lazy\" decoding=\"async\" width=\"660\" height=\"579\" src=\"https:\/\/archive.sana.sy\/tr\/wp-content\/uploads\/2022\/07\/4-8.jpg\" class=\"attachment-full size-full\" alt=\"\" srcset=\"https:\/\/archive.sana.sy\/tr\/wp-content\/uploads\/2022\/07\/4-8.jpg 660w, https:\/\/archive.sana.sy\/tr\/wp-content\/uploads\/2022\/07\/4-8-300x263.jpg 300w, https:\/\/archive.sana.sy\/tr\/wp-content\/uploads\/2022\/07\/4-8-150x132.jpg 150w\" sizes=\"auto, (max-width: 660px) 100vw, 660px\" \/><\/a>\n\t\t\t<\/div><\/figure><figure class='gallery-item'>\n\t\t\t<div class='gallery-icon landscape'>\n\t\t\t\t<a href='https:\/\/archive.sana.sy\/tr\/wp-content\/uploads\/2022\/07\/2-8.jpg'><img loading=\"lazy\" decoding=\"async\" width=\"660\" height=\"535\" src=\"https:\/\/archive.sana.sy\/tr\/wp-content\/uploads\/2022\/07\/2-8.jpg\" class=\"attachment-full size-full\" alt=\"\" srcset=\"https:\/\/archive.sana.sy\/tr\/wp-content\/uploads\/2022\/07\/2-8.jpg 660w, https:\/\/archive.sana.sy\/tr\/wp-content\/uploads\/2022\/07\/2-8-300x243.jpg 300w, https:\/\/archive.sana.sy\/tr\/wp-content\/uploads\/2022\/07\/2-8-150x122.jpg 150w\" sizes=\"auto, (max-width: 660px) 100vw, 660px\" \/><\/a>\n\t\t\t<\/div><\/figure>\n\t\t<\/div>\n\n","protected":false},"excerpt":{"rendered":"<p>HALEP \u2013 Say\u0131n Esma Esad, bu sabah Halep&#8217;in S\u00fcryani mahallesindeki \u0130slami Hay\u0131r Kurumu&#8217;nun yetimhanesini ziyaret etti. Bayan Esma Esad \u00e7ocuklarla g\u00fczel ve e\u011flenceli anlar payla\u015ft\u0131.<\/p>\n","protected":false},"author":1,"featured_media":258708,"comment_status":"closed","ping_status":"closed","sticky":false,"template":"","format":"standard","meta":{"footnotes":""},"categories":[486,17988,478],"tags":[],"class_list":["post-258707","post","type-post","status-publish","format-standard","has-post-thumbnail","","category-haberler-is-ve-sermaye","category-son-haberler","category-yerel"],"_links":{"self":[{"href":"https:\/\/archive.sana.sy\/tr\/index.php?rest_route=\/wp\/v2\/posts\/258707","targetHints":{"allow":["GET"]}}],"collection":[{"href":"https:\/\/archive.sana.sy\/tr\/index.php?rest_route=\/wp\/v2\/posts"}],"about":[{"href":"https:\/\/archive.sana.sy\/tr\/index.php?rest_route=\/wp\/v2\/types\/post"}],"author":[{"embeddable":true,"href":"https:\/\/archive.sana.sy\/tr\/index.php?rest_route=\/wp\/v2\/users\/1"}],"replies":[{"embeddable":true,"href":"https:\/\/archive.sana.sy\/tr\/index.php?rest_route=%2Fwp%2Fv2%2Fcomments&post=258707"}],"version-history":[{"count":0,"href":"https:\/\/archive.sana.sy\/tr\/index.php?rest_route=\/wp\/v2\/posts\/258707\/revisions"}],"wp:featuredmedia":[{"embeddable":true,"href":"https:\/\/archive.sana.sy\/tr\/index.php?rest_route=\/wp\/v2\/media\/258708"}],"wp:attachment":[{"href":"https:\/\/archive.sana.sy\/tr\/index.php?rest_route=%2Fwp%2Fv2%2Fmedia&parent=258707"}],"wp:term":[{"taxonomy":"category","embeddable":true,"href":"https:\/\/archive.sana.sy\/tr\/index.php?rest_route=%2Fwp%2Fv2%2Fcategories&post=258707"},{"taxonomy":"post_tag","embeddable":true,"href":"https:\/\/archive.sana.sy\/tr\/index.php?rest_route=%2Fwp%2Fv2%2Ftags&post=258707"}],"curies":[{"name":"wp","href":"https:\/\/api.w.org\/{rel}","templated":true}]}}