{"id":258714,"date":"2022-07-09T17:40:21","date_gmt":"2022-07-09T14:40:21","guid":{"rendered":"http:\/\/107.6.182.27\/tr\/?p=258714"},"modified":"2022-07-11T09:29:40","modified_gmt":"2022-07-11T06:29:40","slug":"isgalci-amerika-destekli-dsg-milisleri-haseke-kirsalinda-10-vatandasi-kacirdi","status":"publish","type":"post","link":"https:\/\/archive.sana.sy\/tr\/?p=258714","title":{"rendered":"\u0130\u015fgalci Amerika Destekli DSG Milisleri Haseke K\u0131rsal\u0131nda 10 Vatanda\u015f\u0131 Ka\u00e7\u0131rd\u0131"},"content":{"rendered":"<p><span style=\"color: #993300;\">HASEKE<\/span> &#8211; ABD i\u015fgal g\u00fc\u00e7lerinin destekledi\u011fi DSG milisleri, bask\u0131n d\u00fczenledi\u011fi \u00e7ok say\u0131da k\u00f6yden 10 vatanda\u015f\u0131 ka\u00e7\u0131rarak Haseke k\u0131rsal kesimde ya\u015fayanlara sald\u0131rd\u0131, Suriye&#8217;nin el Cezire b\u00f6lgesinde kontrol etti\u011fi b\u00f6lge, k\u00f6y ve beldelerdeki halka y\u00f6nelik bask\u0131c\u0131 uygulamalar\u0131na devam etti.<\/p>\n<p>Yerel kaynaklar SANA muhabirine verdi\u011fi deme\u00e7te, &#8220;DSG&#8221; milislerine ait silahl\u0131 gruplar\u0131n, Amerikan i\u015fgaline ait z\u0131rhl\u0131 ara\u00e7lar ve helikopterlerle desteklenerek Haseke&#8217;nin do\u011fu k\u0131rsal\u0131ndaki Ukaz, Akra\u015f ve Safana k\u00f6ylerini ku\u015fatt\u011f\u0131n\u0131\u0131 ve buradaki bir\u00e7ok eve bask\u0131n d\u00fczenledi\u011fini, s\u00f6z konusu k\u00f6ylerden 10 vatanda\u015f\u0131 ka\u00e7\u0131rarak bilinmeyen bir yere g\u00f6t\u00fcrd\u00fcklerini\u201d s\u00f6yledi.<\/p>\n<p>Ayn\u0131 ba\u011flamda, Tel Hamis beldesinden yerel kaynaklar, Amerikan i\u015fgal g\u00fc\u00e7lerinin bir aileden \u00fc\u00e7 genci ka\u00e7\u0131r\u0131p bilinmeyen bir yere g\u00f6t\u00fcrd\u00fc\u011f\u00fcn\u00fc, bunun da g\u00f6steri yapan ve otoyolu kesen kasabadaki insanlar\u0131 k\u0131zd\u0131rd\u0131\u011f\u0131n\u0131 ve o\u011fullar\u0131n\u0131n serbest b\u0131rak\u0131lmas\u0131, DSG milisleri ve i\u015fgal g\u00fc\u00e7lerinin \u00fc\u00e7 genci serbest b\u0131rakmaya zorlanmas\u0131 talebinde bulunduklar\u0131n\u0131 bildirdi.<\/p>\n","protected":false},"excerpt":{"rendered":"<p>HASEKE &#8211; ABD i\u015fgal g\u00fc\u00e7lerinin destekledi\u011fi DSG milisleri, bask\u0131n d\u00fczenledi\u011fi \u00e7ok say\u0131da k\u00f6yden 10 vatanda\u015f\u0131 ka\u00e7\u0131rarak Haseke k\u0131rsal kesimde ya\u015fayanlara sald\u0131rd\u0131, Suriye&#8217;nin el Cezire b\u00f6lgesinde kontrol etti\u011fi b\u00f6lge, k\u00f6y ve beldelerdeki halka y\u00f6nelik bask\u0131c\u0131 uygulamalar\u0131na devam etti. Yerel kaynaklar SANA muhabirine verdi\u011fi deme\u00e7te, &#8220;DSG&#8221; milislerine ait silahl\u0131 gruplar\u0131n, Amerikan i\u015fgaline ait z\u0131rhl\u0131 ara\u00e7lar ve helikopterlerle &hellip;<\/p>\n","protected":false},"author":1,"featured_media":258715,"comment_status":"closed","ping_status":"closed","sticky":false,"template":"","format":"standard","meta":{"footnotes":""},"categories":[479,575,17988,478],"tags":[],"class_list":["post-258714","post","type-post","status-publish","format-standard","has-post-thumbnail","","category-haberler-yerel","category-olaylar-ve-gercekler","category-son-haberler","category-yerel"],"_links":{"self":[{"href":"https:\/\/archive.sana.sy\/tr\/index.php?rest_route=\/wp\/v2\/posts\/258714","targetHints":{"allow":["GET"]}}],"collection":[{"href":"https:\/\/archive.sana.sy\/tr\/index.php?rest_route=\/wp\/v2\/posts"}],"about":[{"href":"https:\/\/archive.sana.sy\/tr\/index.php?rest_route=\/wp\/v2\/types\/post"}],"author":[{"embeddable":true,"href":"https:\/\/archive.sana.sy\/tr\/index.php?rest_route=\/wp\/v2\/users\/1"}],"replies":[{"embeddable":true,"href":"https:\/\/archive.sana.sy\/tr\/index.php?rest_route=%2Fwp%2Fv2%2Fcomments&post=258714"}],"version-history":[{"count":0,"href":"https:\/\/archive.sana.sy\/tr\/index.php?rest_route=\/wp\/v2\/posts\/258714\/revisions"}],"wp:featuredmedia":[{"embeddable":true,"href":"https:\/\/archive.sana.sy\/tr\/index.php?rest_route=\/wp\/v2\/media\/258715"}],"wp:attachment":[{"href":"https:\/\/archive.sana.sy\/tr\/index.php?rest_route=%2Fwp%2Fv2%2Fmedia&parent=258714"}],"wp:term":[{"taxonomy":"category","embeddable":true,"href":"https:\/\/archive.sana.sy\/tr\/index.php?rest_route=%2Fwp%2Fv2%2Fcategories&post=258714"},{"taxonomy":"post_tag","embeddable":true,"href":"https:\/\/archive.sana.sy\/tr\/index.php?rest_route=%2Fwp%2Fv2%2Ftags&post=258714"}],"curies":[{"name":"wp","href":"https:\/\/api.w.org\/{rel}","templated":true}]}}