{"id":258724,"date":"2022-07-10T16:17:04","date_gmt":"2022-07-10T13:17:04","guid":{"rendered":"http:\/\/107.6.182.27\/tr\/?p=258724"},"modified":"2022-07-11T09:30:04","modified_gmt":"2022-07-11T06:30:04","slug":"rus-kuvvetleri-3-ukrayna-ucagini-dusurdu-abd-yapimi-fuze-rampalarini-imha-etti","status":"publish","type":"post","link":"https:\/\/archive.sana.sy\/tr\/?p=258724","title":{"rendered":"Rus Kuvvetleri 3 Ukrayna U\u00e7a\u011f\u0131n\u0131 D\u00fc\u015f\u00fcrd\u00fc ABD Yap\u0131m\u0131 F\u00fcze Rampalar\u0131n\u0131 \u0130mha Etti"},"content":{"rendered":"<p style=\"text-align: justify;\">MOSKOVA &#8211; Rusya Savunma Bakanl\u0131\u011f\u0131, son 24 saat i\u00e7inde Donbass sakinlerini korumaya y\u00f6nelik \u00f6zel harekat\u0131n 100&#8217;den fazla Ukrayna askerinin \u00f6ld\u00fcr\u00fclmesi, 3 sava\u015f u\u00e7a\u011f\u0131n\u0131n d\u00fc\u015f\u00fcr\u00fclmesi ve ABD yap\u0131m\u0131 roketatarlar dahil. bir\u00e7ok askeri hedefin imha edilmesiyle sonu\u00e7land\u0131\u011f\u0131n\u0131 duyurdu.<\/p>\n<p style=\"text-align: justify;\">Bakanl\u0131k s\u00f6zc\u00fcs\u00fc Korgeneral \u0130gor Kona\u015finkov bug\u00fcn yapt\u0131\u011f\u0131 bas\u0131n toplant\u0131s\u0131nda, Rus kuvvetlerinin Ukrayna kuvvetlerine ait top\u00e7u birliklerinin konu\u015fland\u0131r\u0131lmas\u0131 i\u00e7in ge\u00e7ici bir merkezi ve Slaviansk kentindeki bir seramik fabrikas\u0131nda bir m\u00fchimmat deposunu hedef ald\u0131\u011f\u0131n\u0131 ve bunun sonucunda Ukrayna birliklerinin ortadan kald\u0131r\u0131lmas\u0131yla sonu\u00e7land\u0131\u011f\u0131n\u0131 belirtti.<\/p>\n<p style=\"text-align: justify;\">Kona\u015finkov, 100&#8217;den fazla Ukraynal\u0131 asker ve binden fazla M tipi ob\u00fcs mermisi, Amerikan yap\u0131m\u0131 ve Grad roketatarlar\u0131 i\u00e7in yakla\u015f\u0131k 700 merminin imha edildi\u011fini s\u00f6yledi. Kona\u015finkov, Rus silahl\u0131 kuvvetlerinin Donetsk Cumhuriyeti&#8217;ndeki Ukrayna kuvvetlerine ait \u00fc\u00e7 komuta merkezinin yan\u0131 s\u0131ra Kharkov b\u00f6lgesindeki Krakin taburu da dahil olmak \u00fczere 16 b\u00f6lgede sivilleri hedef alan sava\u015f ekipmanlar\u0131n\u0131 imha etti\u011fini s\u00f6yledi. Kona\u015finkov, operasyonel-taktik havac\u0131l\u0131k, f\u00fcze kuvvetleri ve top\u00e7ular\u0131n 17 komuta merkezini, d\u00f6rt Grad f\u0131rlatma sistemini ve Donetsk&#8217;teki yerle\u015fim b\u00f6lgelerinin bombaland\u0131\u011f\u0131 ABD yap\u0131m\u0131 M777 ob\u00fcslerini i\u00e7eren iki depoyu hedef ald\u0131\u011f\u0131n\u0131, 42 b\u00f6lgede ileri mevzilerdeki top\u00e7u birlikleri ile 143 b\u00f6lgede Ukrayna kuvvetlerine ait insan g\u00fcc\u00fc ve muharebe te\u00e7hizat\u0131n\u0131n imha edildi\u011fini belirtti.<\/p>\n<p style=\"text-align: justify;\">Kona\u015finkov, Konstantinovka b\u00f6lgesindeki &#8220;Uragan&#8221; f\u0131rlat\u0131c\u0131 sisteminin, Dzerzhinsk b\u00f6lgesindeki bir ba\u015fka &#8220;Grad&#8221; ve iki adet 152 mm top\u00e7u bataryas\u0131 &#8220;Gyatsink B&#8221;nin Donetsk Cumhuriyeti&#8217;nin Novogorodskaya b\u00f6lgesinin ileri mevzilerinde de imha edildi\u011fine dikkat \u00e7ekti.<\/p>\n","protected":false},"excerpt":{"rendered":"<p>MOSKOVA &#8211; Rusya Savunma Bakanl\u0131\u011f\u0131, son 24 saat i\u00e7inde Donbass sakinlerini korumaya y\u00f6nelik \u00f6zel harekat\u0131n 100&#8217;den fazla Ukrayna askerinin \u00f6ld\u00fcr\u00fclmesi, 3 sava\u015f u\u00e7a\u011f\u0131n\u0131n d\u00fc\u015f\u00fcr\u00fclmesi ve ABD yap\u0131m\u0131 roketatarlar dahil. bir\u00e7ok askeri hedefin imha edilmesiyle sonu\u00e7land\u0131\u011f\u0131n\u0131 duyurdu. Bakanl\u0131k s\u00f6zc\u00fcs\u00fc Korgeneral \u0130gor Kona\u015finkov bug\u00fcn yapt\u0131\u011f\u0131 bas\u0131n toplant\u0131s\u0131nda, Rus kuvvetlerinin Ukrayna kuvvetlerine ait top\u00e7u birliklerinin konu\u015fland\u0131r\u0131lmas\u0131 i\u00e7in ge\u00e7ici &hellip;<\/p>\n","protected":false},"author":1,"featured_media":258725,"comment_status":"closed","ping_status":"closed","sticky":false,"template":"","format":"standard","meta":{"footnotes":""},"categories":[458,459,17988],"tags":[],"class_list":["post-258724","post","type-post","status-publish","format-standard","has-post-thumbnail","","category-dunya1","category-haberler-arap-uluslararasi-politika","category-son-haberler"],"_links":{"self":[{"href":"https:\/\/archive.sana.sy\/tr\/index.php?rest_route=\/wp\/v2\/posts\/258724","targetHints":{"allow":["GET"]}}],"collection":[{"href":"https:\/\/archive.sana.sy\/tr\/index.php?rest_route=\/wp\/v2\/posts"}],"about":[{"href":"https:\/\/archive.sana.sy\/tr\/index.php?rest_route=\/wp\/v2\/types\/post"}],"author":[{"embeddable":true,"href":"https:\/\/archive.sana.sy\/tr\/index.php?rest_route=\/wp\/v2\/users\/1"}],"replies":[{"embeddable":true,"href":"https:\/\/archive.sana.sy\/tr\/index.php?rest_route=%2Fwp%2Fv2%2Fcomments&post=258724"}],"version-history":[{"count":0,"href":"https:\/\/archive.sana.sy\/tr\/index.php?rest_route=\/wp\/v2\/posts\/258724\/revisions"}],"wp:featuredmedia":[{"embeddable":true,"href":"https:\/\/archive.sana.sy\/tr\/index.php?rest_route=\/wp\/v2\/media\/258725"}],"wp:attachment":[{"href":"https:\/\/archive.sana.sy\/tr\/index.php?rest_route=%2Fwp%2Fv2%2Fmedia&parent=258724"}],"wp:term":[{"taxonomy":"category","embeddable":true,"href":"https:\/\/archive.sana.sy\/tr\/index.php?rest_route=%2Fwp%2Fv2%2Fcategories&post=258724"},{"taxonomy":"post_tag","embeddable":true,"href":"https:\/\/archive.sana.sy\/tr\/index.php?rest_route=%2Fwp%2Fv2%2Ftags&post=258724"}],"curies":[{"name":"wp","href":"https:\/\/api.w.org\/{rel}","templated":true}]}}