{"id":258767,"date":"2022-07-11T17:16:58","date_gmt":"2022-07-11T14:16:58","guid":{"rendered":"http:\/\/107.6.182.27\/tr\/?p=258767"},"modified":"2022-07-12T09:14:14","modified_gmt":"2022-07-12T06:14:14","slug":"rusya-kuzeybati-kafkasyada-11-isid-teroristini-tutukladi","status":"publish","type":"post","link":"https:\/\/archive.sana.sy\/tr\/?p=258767","title":{"rendered":"Rusya, Kuzeybat\u0131 Kafkasya&#8217;da 11 I\u015e\u0130D Ter\u00f6ristini Tutuklad\u0131"},"content":{"rendered":"<p style=\"text-align: justify;\">MOSKOVA &#8211; Rusya Federal G\u00fcvenlik Servisi&#8217;nin medya merkezi, Kuzey Kafkasya&#8217;da Kara\u00e7ay-\u00c7erkes Cumhuriyeti&#8217;nde ter\u00f6r \u00f6rg\u00fct\u00fc &#8220;I\u015e\u0130D&#8221;in 11 \u00fcyesinin tutukland\u0131\u011f\u0131n\u0131 ve ellerindeki ate\u015fli silah ve el bombalar\u0131na el konuldu\u011funu ilan etti.<\/p>\n<p style=\"text-align: justify;\">RIA Novosti haber ajans\u0131, komisyonun bug\u00fcn yapt\u0131\u011f\u0131 a\u00e7\u0131klamada, &#8220;Kara\u00e7ay-\u00c7erkes Cumhuriyeti topraklar\u0131nda yasakl\u0131 ter\u00f6r \u00f6rg\u00fct\u00fc I\u015e\u0130D&#8217;e ba\u011fl\u0131 gizli bir h\u00fccreye \u00fcye olan 11 ki\u015fi, b\u00f6lge sakinlerinin ter\u00f6r faaliyetlerinin ortaya \u00e7\u0131kmas\u0131n\u0131n ard\u0131ndan baz\u0131 ki\u015filerin \u00f6rg\u00fctlemelerine kar\u0131\u015ft\u0131ktan sonra tutukland\u0131klar\u0131n\u0131&#8221; s\u00f6yledi.<\/p>\n<p style=\"text-align: justify;\">Komisyon, ter\u00f6ristlerin 10 adet sivil silah, bir &#8220;Makarov&#8221; tabancas\u0131, bir otomatik t\u00fcfek, \u00fc\u00e7 el bombas\u0131, \u00e7ok miktarda m\u00fchimmat ve yasad\u0131\u015f\u0131 faaliyetleri te\u015fvik eden materyal ve yay\u0131nlar\u0131 i\u00e7eren ileti\u015fim ekipmanlar\u0131na sahip olduklar\u0131n\u0131 belirtti.<\/p>\n<p style=\"text-align: justify;\">Soru\u015fturma makamlar\u0131n\u0131n tutuklular hakk\u0131nda Rusya Ceza Kanunu&#8217;nun &#8220;ter\u00f6r propagandas\u0131&#8221; nedeniyle ceza davas\u0131 a\u00e7maya ba\u015flad\u0131\u011f\u0131n\u0131 a\u00e7\u0131klad\u0131.<\/p>\n","protected":false},"excerpt":{"rendered":"<p>MOSKOVA &#8211; Rusya Federal G\u00fcvenlik Servisi&#8217;nin medya merkezi, Kuzey Kafkasya&#8217;da Kara\u00e7ay-\u00c7erkes Cumhuriyeti&#8217;nde ter\u00f6r \u00f6rg\u00fct\u00fc &#8220;I\u015e\u0130D&#8221;in 11 \u00fcyesinin tutukland\u0131\u011f\u0131n\u0131 ve ellerindeki ate\u015fli silah ve el bombalar\u0131na el konuldu\u011funu ilan etti. RIA Novosti haber ajans\u0131, komisyonun bug\u00fcn yapt\u0131\u011f\u0131 a\u00e7\u0131klamada, &#8220;Kara\u00e7ay-\u00c7erkes Cumhuriyeti topraklar\u0131nda yasakl\u0131 ter\u00f6r \u00f6rg\u00fct\u00fc I\u015e\u0130D&#8217;e ba\u011fl\u0131 gizli bir h\u00fccreye \u00fcye olan 11 ki\u015fi, b\u00f6lge sakinlerinin ter\u00f6r &hellip;<\/p>\n","protected":false},"author":1,"featured_media":258768,"comment_status":"closed","ping_status":"closed","sticky":false,"template":"","format":"standard","meta":{"footnotes":""},"categories":[458,459,17988],"tags":[],"class_list":["post-258767","post","type-post","status-publish","format-standard","has-post-thumbnail","","category-dunya1","category-haberler-arap-uluslararasi-politika","category-son-haberler"],"_links":{"self":[{"href":"https:\/\/archive.sana.sy\/tr\/index.php?rest_route=\/wp\/v2\/posts\/258767","targetHints":{"allow":["GET"]}}],"collection":[{"href":"https:\/\/archive.sana.sy\/tr\/index.php?rest_route=\/wp\/v2\/posts"}],"about":[{"href":"https:\/\/archive.sana.sy\/tr\/index.php?rest_route=\/wp\/v2\/types\/post"}],"author":[{"embeddable":true,"href":"https:\/\/archive.sana.sy\/tr\/index.php?rest_route=\/wp\/v2\/users\/1"}],"replies":[{"embeddable":true,"href":"https:\/\/archive.sana.sy\/tr\/index.php?rest_route=%2Fwp%2Fv2%2Fcomments&post=258767"}],"version-history":[{"count":0,"href":"https:\/\/archive.sana.sy\/tr\/index.php?rest_route=\/wp\/v2\/posts\/258767\/revisions"}],"wp:featuredmedia":[{"embeddable":true,"href":"https:\/\/archive.sana.sy\/tr\/index.php?rest_route=\/wp\/v2\/media\/258768"}],"wp:attachment":[{"href":"https:\/\/archive.sana.sy\/tr\/index.php?rest_route=%2Fwp%2Fv2%2Fmedia&parent=258767"}],"wp:term":[{"taxonomy":"category","embeddable":true,"href":"https:\/\/archive.sana.sy\/tr\/index.php?rest_route=%2Fwp%2Fv2%2Fcategories&post=258767"},{"taxonomy":"post_tag","embeddable":true,"href":"https:\/\/archive.sana.sy\/tr\/index.php?rest_route=%2Fwp%2Fv2%2Ftags&post=258767"}],"curies":[{"name":"wp","href":"https:\/\/api.w.org\/{rel}","templated":true}]}}