{"id":258770,"date":"2022-07-11T17:20:05","date_gmt":"2022-07-11T14:20:05","guid":{"rendered":"http:\/\/107.6.182.27\/tr\/?p=258770"},"modified":"2022-07-12T09:14:21","modified_gmt":"2022-07-12T06:14:21","slug":"vatandasa-hizmet-merkezi-portali-araciligiyla-icisleri-bakanligi-pasaport-almak-icin-e-hizmet-baslatti","status":"publish","type":"post","link":"https:\/\/archive.sana.sy\/tr\/?p=258770","title":{"rendered":"Vatanda\u015fa Hizmet Merkezi Portal\u0131 Arac\u0131l\u0131\u011f\u0131yla\u2026 \u0130\u00e7i\u015fleri Bakanl\u0131\u011f\u0131 Pasaport Almak \u0130\u00e7in &#8220;e- hizmet&#8221; Ba\u015flatt\u0131"},"content":{"rendered":"<p style=\"text-align: justify;\">\u015eAM &#8211; \u0130\u00e7i\u015fleri Bakanl\u0131\u011f\u0131 bug\u00fcn, (pasaport i\u00e7in gerekli resmi belgelerin indirilmesi), bedelinin elektronik ortamda \u00f6denmesini ve e-vatanda\u015f hizmet merkezi portal\u0131 <u>https:\/\/ecsc. gov.sy <\/u>\u00a0\u00fczerinden randevu al\u0131nmas\u0131 hizmetini, \u0130leti\u015fim ve Teknoloji Bakanl\u0131\u011f\u0131 ile i\u015fbirli\u011fi i\u00e7inde ba\u015flatt\u0131\u011f\u0131n\u0131 ilan etti.<\/p>\n<p style=\"text-align: justify;\">Bakanl\u0131k, SANA&#8217;n\u0131n da bir kopyas\u0131n\u0131 ald\u0131\u011f\u0131 beyanda, bu hizmetin bu ay\u0131n 7&#8217;sinde ba\u015flad\u0131\u011f\u0131n\u0131 ve ilk a\u015famada daha \u00f6nce pasaport rezervasyonu yapt\u0131ran ve bu ay\u0131n 21&#8217;inden sonra platformda s\u0131ra verilenlere y\u00f6nelik olaca\u011f\u0131n\u0131 s\u00f6yledi.<\/p>\n<p style=\"text-align: justify;\">Beyanda, e-vatanda\u015f hizmet merkezinin portal\u0131 arac\u0131l\u0131\u011f\u0131yla \u00f6nceden rezervasyon yapt\u0131rman\u0131n y\u00f6nteminin, <u>https:\/\/ecsc.gov.sy<\/u> portal\u0131nda bir hesap olu\u015fturmay\u0131 ve ki\u015fisel kart verilerini do\u011fru bir \u015fekilde girmeyi ve ard\u0131ndan pasaport i\u00e7in daha \u00f6nceden s\u0131ra al\u0131nm\u0131\u015f b\u00fctonuyla se\u00e7im yapmay\u0131 i\u00e7erdi\u011fini belirtti.<\/p>\n<p style=\"text-align: justify;\">Beyanda, web sitesinde yer alacak talimatlara uyulmas\u0131 ve elektronik \u00f6deme s\u00fcrecinin (hizmet \u00f6dene\u011fi ve pasaportun \u00fccret ve pullarla birlikte de\u011feri) tamamlanmas\u0131 gerekti\u011fi vurguland\u0131.<\/p>\n<p style=\"text-align: justify;\">Mobil kameradan foto\u011fraflanan kimlik belgelerinin i\u015flemin reddedilmesine neden olabilece\u011finden, gerekli kimlik belgelerinin web sitesine net bir \u015fekilde y\u00fcklenmesi (taray\u0131c\u0131dan foto\u011fraf\u0131n\u0131n \u00e7ekilmesi) gerekti\u011fine dikkat \u00e7ekti.<\/p>\n<p style=\"text-align: justify;\">A\u00e7\u0131klamada, portal \u00fczerinden rezervasyon yapt\u0131rd\u0131ktan ve evraklar\u0131n y\u00fcklenmemesi ve 10 g\u00fcn i\u00e7inde \u00fccret \u00f6dememesi durumunda rezervasyon tarihlerinin iptal edilmi\u015f say\u0131laca\u011f\u0131 belirtildi.<\/p>\n<p style=\"text-align: justify;\">\u0130kinci a\u015famaya gelince, a\u00e7\u0131klamada, ilk kez ba\u015fvuranlar i\u00e7in kay\u0131tlar\u0131n mevcut rol program\u0131na g\u00f6re daha sonra ba\u015flayaca\u011f\u0131 a\u00e7\u0131kl\u0131\u011fa kavu\u015fturulmu\u015ftur.<\/p>\n","protected":false},"excerpt":{"rendered":"<p>\u015eAM &#8211; \u0130\u00e7i\u015fleri Bakanl\u0131\u011f\u0131 bug\u00fcn, (pasaport i\u00e7in gerekli resmi belgelerin indirilmesi), bedelinin elektronik ortamda \u00f6denmesini ve e-vatanda\u015f hizmet merkezi portal\u0131 https:\/\/ecsc. gov.sy \u00a0\u00fczerinden randevu al\u0131nmas\u0131 hizmetini, \u0130leti\u015fim ve Teknoloji Bakanl\u0131\u011f\u0131 ile i\u015fbirli\u011fi i\u00e7inde ba\u015flatt\u0131\u011f\u0131n\u0131 ilan etti. Bakanl\u0131k, SANA&#8217;n\u0131n da bir kopyas\u0131n\u0131 ald\u0131\u011f\u0131 beyanda, bu hizmetin bu ay\u0131n 7&#8217;sinde ba\u015flad\u0131\u011f\u0131n\u0131 ve ilk a\u015famada daha \u00f6nce pasaport &hellip;<\/p>\n","protected":false},"author":1,"featured_media":258771,"comment_status":"closed","ping_status":"closed","sticky":false,"template":"","format":"standard","meta":{"footnotes":""},"categories":[479,17988,478],"tags":[],"class_list":["post-258770","post","type-post","status-publish","format-standard","has-post-thumbnail","","category-haberler-yerel","category-son-haberler","category-yerel"],"_links":{"self":[{"href":"https:\/\/archive.sana.sy\/tr\/index.php?rest_route=\/wp\/v2\/posts\/258770","targetHints":{"allow":["GET"]}}],"collection":[{"href":"https:\/\/archive.sana.sy\/tr\/index.php?rest_route=\/wp\/v2\/posts"}],"about":[{"href":"https:\/\/archive.sana.sy\/tr\/index.php?rest_route=\/wp\/v2\/types\/post"}],"author":[{"embeddable":true,"href":"https:\/\/archive.sana.sy\/tr\/index.php?rest_route=\/wp\/v2\/users\/1"}],"replies":[{"embeddable":true,"href":"https:\/\/archive.sana.sy\/tr\/index.php?rest_route=%2Fwp%2Fv2%2Fcomments&post=258770"}],"version-history":[{"count":0,"href":"https:\/\/archive.sana.sy\/tr\/index.php?rest_route=\/wp\/v2\/posts\/258770\/revisions"}],"wp:featuredmedia":[{"embeddable":true,"href":"https:\/\/archive.sana.sy\/tr\/index.php?rest_route=\/wp\/v2\/media\/258771"}],"wp:attachment":[{"href":"https:\/\/archive.sana.sy\/tr\/index.php?rest_route=%2Fwp%2Fv2%2Fmedia&parent=258770"}],"wp:term":[{"taxonomy":"category","embeddable":true,"href":"https:\/\/archive.sana.sy\/tr\/index.php?rest_route=%2Fwp%2Fv2%2Fcategories&post=258770"},{"taxonomy":"post_tag","embeddable":true,"href":"https:\/\/archive.sana.sy\/tr\/index.php?rest_route=%2Fwp%2Fv2%2Ftags&post=258770"}],"curies":[{"name":"wp","href":"https:\/\/api.w.org\/{rel}","templated":true}]}}