{"id":258779,"date":"2022-07-11T21:24:44","date_gmt":"2022-07-11T18:24:44","guid":{"rendered":"http:\/\/107.6.182.27\/tr\/?p=258779"},"modified":"2022-07-12T09:14:55","modified_gmt":"2022-07-12T06:14:55","slug":"amerikan-isgali-el-cezire-bolgesindeki-gayrimesru-uslerine-43-arac-getirdi","status":"publish","type":"post","link":"https:\/\/archive.sana.sy\/tr\/?p=258779","title":{"rendered":"Amerikan \u0130\u015fgali, el Cezire B\u00f6lgesindeki Gayrime\u015fru \u00dcslerine 43 Ara\u00e7 Getirdi"},"content":{"rendered":"<p>HASEKE \u2013 Amerikan i\u015fgal g\u00fc\u00e7leri bug\u00fcn Suriye\u2019nin el Cezire b\u00f6lgesindeki gayri me\u015fru \u00fcslerini g\u00fc\u00e7lendirme amac\u0131yla 43 ara\u00e7tan olu\u015fan ve askeri takviye ve lojistik malzemeler getirdi.<\/p>\n<p>Haseke k\u0131rsal\u0131ndaki Yarubiye\u2019den b\u00f6lge kaynaklar\u0131 bu ba\u011flamda SANA muhabirine yapt\u0131klar\u0131 a\u00e7\u0131klamada, Amerilan i\u015fgaline ait 32 kamyonundan ve 11 tankerden olu\u015fan bir konvoyun Irak\u2019\u0131n kuzeyinden gelerek el Velid adl\u0131 gayri me\u015fru s\u0131n\u0131r ge\u00e7idi \u00fczerinden Suriye topraklar\u0131na girdi\u011fini belirtti.<\/p>\n<p>P.M.<\/p>\n","protected":false},"excerpt":{"rendered":"<p>HASEKE \u2013 Amerikan i\u015fgal g\u00fc\u00e7leri bug\u00fcn Suriye\u2019nin el Cezire b\u00f6lgesindeki gayri me\u015fru \u00fcslerini g\u00fc\u00e7lendirme amac\u0131yla 43 ara\u00e7tan olu\u015fan ve askeri takviye ve lojistik malzemeler getirdi. Haseke k\u0131rsal\u0131ndaki Yarubiye\u2019den b\u00f6lge kaynaklar\u0131 bu ba\u011flamda SANA muhabirine yapt\u0131klar\u0131 a\u00e7\u0131klamada, Amerilan i\u015fgaline ait 32 kamyonundan ve 11 tankerden olu\u015fan bir konvoyun Irak\u2019\u0131n kuzeyinden gelerek el Velid adl\u0131 gayri me\u015fru &hellip;<\/p>\n","protected":false},"author":1,"featured_media":258780,"comment_status":"closed","ping_status":"closed","sticky":false,"template":"","format":"standard","meta":{"footnotes":""},"categories":[479,575,17988,478],"tags":[],"class_list":["post-258779","post","type-post","status-publish","format-standard","has-post-thumbnail","","category-haberler-yerel","category-olaylar-ve-gercekler","category-son-haberler","category-yerel"],"_links":{"self":[{"href":"https:\/\/archive.sana.sy\/tr\/index.php?rest_route=\/wp\/v2\/posts\/258779","targetHints":{"allow":["GET"]}}],"collection":[{"href":"https:\/\/archive.sana.sy\/tr\/index.php?rest_route=\/wp\/v2\/posts"}],"about":[{"href":"https:\/\/archive.sana.sy\/tr\/index.php?rest_route=\/wp\/v2\/types\/post"}],"author":[{"embeddable":true,"href":"https:\/\/archive.sana.sy\/tr\/index.php?rest_route=\/wp\/v2\/users\/1"}],"replies":[{"embeddable":true,"href":"https:\/\/archive.sana.sy\/tr\/index.php?rest_route=%2Fwp%2Fv2%2Fcomments&post=258779"}],"version-history":[{"count":0,"href":"https:\/\/archive.sana.sy\/tr\/index.php?rest_route=\/wp\/v2\/posts\/258779\/revisions"}],"wp:featuredmedia":[{"embeddable":true,"href":"https:\/\/archive.sana.sy\/tr\/index.php?rest_route=\/wp\/v2\/media\/258780"}],"wp:attachment":[{"href":"https:\/\/archive.sana.sy\/tr\/index.php?rest_route=%2Fwp%2Fv2%2Fmedia&parent=258779"}],"wp:term":[{"taxonomy":"category","embeddable":true,"href":"https:\/\/archive.sana.sy\/tr\/index.php?rest_route=%2Fwp%2Fv2%2Fcategories&post=258779"},{"taxonomy":"post_tag","embeddable":true,"href":"https:\/\/archive.sana.sy\/tr\/index.php?rest_route=%2Fwp%2Fv2%2Ftags&post=258779"}],"curies":[{"name":"wp","href":"https:\/\/api.w.org\/{rel}","templated":true}]}}