{"id":258785,"date":"2022-07-11T21:27:51","date_gmt":"2022-07-11T18:27:51","guid":{"rendered":"http:\/\/107.6.182.27\/tr\/?p=258785"},"modified":"2022-07-13T08:58:53","modified_gmt":"2022-07-13T05:58:53","slug":"gazi-ali-barhum-aciya-baskaldiran-portre-ve-cocukluk-resimlerinde-ustalasmis-bir-yetenek","status":"publish","type":"post","link":"https:\/\/archive.sana.sy\/tr\/?p=258785","title":{"rendered":"Gazi Ali Barhum&#8230; Ac\u0131ya Ba\u015fkald\u0131ran, Portre ve \u00c7ocukluk Resimlerinde Ustala\u015fm\u0131\u015f Bir Yetenek"},"content":{"rendered":"<p>\u015eAM \u2013 Suriye Arap Ordusunun gazi bir \u00fcyesine y\u00f6nelik yetenek, yaras\u0131n\u0131n onu yarat\u0131c\u0131 olmaktan al\u0131koymas\u0131na izin vermedi, aksine ona bir sab\u0131r ve bar\u0131\u015f mesaj\u0131 yazmas\u0131 i\u00e7in bir ivme verdi.<\/p>\n<p>Vatan\u0131n gazisi sanat\u00e7\u0131 tekerlekli sandalyesinde oturan Ali Barhum, Ebu Rummaneh \u201c\u00d6ncesi ve Sonras\u0131\u201d adl\u0131 k\u00fclt\u00fcrel alanda d\u00fczenlenen sergisinin ziyaret\u00e7ilerini kararl\u0131l\u0131kla izliyor.<\/p>\n<p>Barhum, Sana\u2019n\u0131n k\u00fclt\u00fcr b\u00fclteni ile yapt\u0131\u011f\u0131 r\u00f6portajda, \u00e7ocukluk, annelik ve g\u00fczellikle ilgili hikayesinin \u00e7izgilerini sayfa ve kur\u015fun renklerinin olu\u015fturdu\u011fu be\u015f ya\u015f\u0131nda ba\u015flayan ve yaralanmas\u0131ndan sonra kristalle\u015fen sanatla olan hikayesini anlatt\u0131.<\/p>\n<p>Barhum, yetene\u011fini geli\u015ftirmek ve mermi ve ac\u0131n\u0131n etkisinden canl\u0131 renklere ta\u015f\u0131mak i\u00e7in arkada\u015flar\u0131ndan ve Jreeh Watan projesinden ald\u0131\u011f\u0131 deste\u011fe i\u015faret ediyor.<\/p>\n<p>Sanat\u00e7i gazi, resimlerinde \u00e7ocuklu\u011fu se\u00e7mesinin sebebini, \u00e7ocuklar\u0131n duygular\u0131n ve masumiyetin en iyi ifadesi olmas\u0131na ve onlarda sava\u015fs\u0131z bir Suriye i\u00e7in bir gelecek g\u00f6rmesine ba\u011flad\u0131\u011f\u0131n\u0131 ifade etti.<\/p>\n<p>Barhum ary\u0131ca, kendi st\u00fcdyosunu v\u00fccudunun do\u011fas\u0131na uygun \u00f6zelliklerde tasarlayarak kolayca \u00e7izebilece\u011fi \u015fekilde tasarlayarak yaralanmas\u0131na nas\u0131l uyum sa\u011flad\u0131\u011f\u0131n\u0131 ve bununla nas\u0131l y\u00fczle\u015fti\u011fini anlatt\u0131.<\/p>\n<p>P.M.<\/p>\n","protected":false},"excerpt":{"rendered":"<p>\u015eAM \u2013 Suriye Arap Ordusunun gazi bir \u00fcyesine y\u00f6nelik yetenek, yaras\u0131n\u0131n onu yarat\u0131c\u0131 olmaktan al\u0131koymas\u0131na izin vermedi, aksine ona bir sab\u0131r ve bar\u0131\u015f mesaj\u0131 yazmas\u0131 i\u00e7in bir ivme verdi. Vatan\u0131n gazisi sanat\u00e7\u0131 tekerlekli sandalyesinde oturan Ali Barhum, Ebu Rummaneh \u201c\u00d6ncesi ve Sonras\u0131\u201d adl\u0131 k\u00fclt\u00fcrel alanda d\u00fczenlenen sergisinin ziyaret\u00e7ilerini kararl\u0131l\u0131kla izliyor. Barhum, Sana\u2019n\u0131n k\u00fclt\u00fcr b\u00fclteni ile &hellip;<\/p>\n","protected":false},"author":1,"featured_media":258786,"comment_status":"closed","ping_status":"closed","sticky":false,"template":"","format":"standard","meta":{"footnotes":""},"categories":[596,479,511,17988,478],"tags":[],"class_list":["post-258785","post","type-post","status-publish","format-standard","has-post-thumbnail","","category-fotografli-raporlar","category-haberler-yerel","category-kultur-ve-sanat","category-son-haberler","category-yerel"],"_links":{"self":[{"href":"https:\/\/archive.sana.sy\/tr\/index.php?rest_route=\/wp\/v2\/posts\/258785","targetHints":{"allow":["GET"]}}],"collection":[{"href":"https:\/\/archive.sana.sy\/tr\/index.php?rest_route=\/wp\/v2\/posts"}],"about":[{"href":"https:\/\/archive.sana.sy\/tr\/index.php?rest_route=\/wp\/v2\/types\/post"}],"author":[{"embeddable":true,"href":"https:\/\/archive.sana.sy\/tr\/index.php?rest_route=\/wp\/v2\/users\/1"}],"replies":[{"embeddable":true,"href":"https:\/\/archive.sana.sy\/tr\/index.php?rest_route=%2Fwp%2Fv2%2Fcomments&post=258785"}],"version-history":[{"count":0,"href":"https:\/\/archive.sana.sy\/tr\/index.php?rest_route=\/wp\/v2\/posts\/258785\/revisions"}],"wp:featuredmedia":[{"embeddable":true,"href":"https:\/\/archive.sana.sy\/tr\/index.php?rest_route=\/wp\/v2\/media\/258786"}],"wp:attachment":[{"href":"https:\/\/archive.sana.sy\/tr\/index.php?rest_route=%2Fwp%2Fv2%2Fmedia&parent=258785"}],"wp:term":[{"taxonomy":"category","embeddable":true,"href":"https:\/\/archive.sana.sy\/tr\/index.php?rest_route=%2Fwp%2Fv2%2Fcategories&post=258785"},{"taxonomy":"post_tag","embeddable":true,"href":"https:\/\/archive.sana.sy\/tr\/index.php?rest_route=%2Fwp%2Fv2%2Ftags&post=258785"}],"curies":[{"name":"wp","href":"https:\/\/api.w.org\/{rel}","templated":true}]}}