{"id":258795,"date":"2022-07-12T09:39:05","date_gmt":"2022-07-12T06:39:05","guid":{"rendered":"http:\/\/107.6.182.27\/tr\/?p=258795"},"modified":"2022-07-13T08:59:15","modified_gmt":"2022-07-13T05:59:15","slug":"ahali-ordu-noktasi-destegiyle-amerikan-isgaline-ait-konvoyu-kovdu-2","status":"publish","type":"post","link":"https:\/\/archive.sana.sy\/tr\/?p=258795","title":{"rendered":"Ahali Ordu Noktas\u0131 Deste\u011fiyle Amerikan \u0130\u015fgaline Ait Konvoyu Kovdu"},"content":{"rendered":"<p>HASEKE \u2013 SANA muhabiri, Kam\u0131\u015fl\u0131 k\u0131rsal\u0131ndaki El Salihiye k\u00f6y\u00fc sakinlerinin, Suriye Arap Ordusu&#8217;nun bir kontrol noktas\u0131n\u0131n deste\u011fiyle, k\u00f6ylerine girmeye \u00e7al\u0131\u015fan Amerikan i\u015fgaline ait be\u015f z\u0131rhl\u0131 ara\u00e7tan olu\u015fan bir konvoyu s\u0131n\u0131r d\u0131\u015f\u0131 etti\u011fini belirtti.<\/p>\n<p><span style=\"color: #0000ff;\">#Telegram_Kanal\u0131m\u0131z: https:\/\/t.me\/SuriyeArapHaberAjans<\/span><\/p>\n<div id='gallery-1' class='gallery galleryid-258795 gallery-columns-1 gallery-size-full'><figure class='gallery-item'>\n\t\t\t<div class='gallery-icon landscape'>\n\t\t\t\t<a href='https:\/\/archive.sana.sy\/tr\/wp-content\/uploads\/2022\/07\/2-9.jpg'><img loading=\"lazy\" decoding=\"async\" width=\"660\" height=\"404\" src=\"https:\/\/archive.sana.sy\/tr\/wp-content\/uploads\/2022\/07\/2-9.jpg\" class=\"attachment-full size-full\" alt=\"\" srcset=\"https:\/\/archive.sana.sy\/tr\/wp-content\/uploads\/2022\/07\/2-9.jpg 660w, https:\/\/archive.sana.sy\/tr\/wp-content\/uploads\/2022\/07\/2-9-300x184.jpg 300w, https:\/\/archive.sana.sy\/tr\/wp-content\/uploads\/2022\/07\/2-9-150x92.jpg 150w\" sizes=\"auto, (max-width: 660px) 100vw, 660px\" \/><\/a>\n\t\t\t<\/div><\/figure>\n\t\t<\/div>\n\n","protected":false},"excerpt":{"rendered":"<p>HASEKE \u2013 SANA muhabiri, Kam\u0131\u015fl\u0131 k\u0131rsal\u0131ndaki El Salihiye k\u00f6y\u00fc sakinlerinin, Suriye Arap Ordusu&#8217;nun bir kontrol noktas\u0131n\u0131n deste\u011fiyle, k\u00f6ylerine girmeye \u00e7al\u0131\u015fan Amerikan i\u015fgaline ait be\u015f z\u0131rhl\u0131 ara\u00e7tan olu\u015fan bir konvoyu s\u0131n\u0131r d\u0131\u015f\u0131 etti\u011fini belirtti. #Telegram_Kanal\u0131m\u0131z: https:\/\/t.me\/SuriyeArapHaberAjans<\/p>\n","protected":false},"author":36,"featured_media":258797,"comment_status":"closed","ping_status":"closed","sticky":false,"template":"","format":"standard","meta":{"footnotes":""},"categories":[479,575,17988,478],"tags":[],"class_list":["post-258795","post","type-post","status-publish","format-standard","has-post-thumbnail","","category-haberler-yerel","category-olaylar-ve-gercekler","category-son-haberler","category-yerel"],"_links":{"self":[{"href":"https:\/\/archive.sana.sy\/tr\/index.php?rest_route=\/wp\/v2\/posts\/258795","targetHints":{"allow":["GET"]}}],"collection":[{"href":"https:\/\/archive.sana.sy\/tr\/index.php?rest_route=\/wp\/v2\/posts"}],"about":[{"href":"https:\/\/archive.sana.sy\/tr\/index.php?rest_route=\/wp\/v2\/types\/post"}],"author":[{"embeddable":true,"href":"https:\/\/archive.sana.sy\/tr\/index.php?rest_route=\/wp\/v2\/users\/36"}],"replies":[{"embeddable":true,"href":"https:\/\/archive.sana.sy\/tr\/index.php?rest_route=%2Fwp%2Fv2%2Fcomments&post=258795"}],"version-history":[{"count":0,"href":"https:\/\/archive.sana.sy\/tr\/index.php?rest_route=\/wp\/v2\/posts\/258795\/revisions"}],"wp:featuredmedia":[{"embeddable":true,"href":"https:\/\/archive.sana.sy\/tr\/index.php?rest_route=\/wp\/v2\/media\/258797"}],"wp:attachment":[{"href":"https:\/\/archive.sana.sy\/tr\/index.php?rest_route=%2Fwp%2Fv2%2Fmedia&parent=258795"}],"wp:term":[{"taxonomy":"category","embeddable":true,"href":"https:\/\/archive.sana.sy\/tr\/index.php?rest_route=%2Fwp%2Fv2%2Fcategories&post=258795"},{"taxonomy":"post_tag","embeddable":true,"href":"https:\/\/archive.sana.sy\/tr\/index.php?rest_route=%2Fwp%2Fv2%2Ftags&post=258795"}],"curies":[{"name":"wp","href":"https:\/\/api.w.org\/{rel}","templated":true}]}}