{"id":258802,"date":"2022-07-12T09:37:20","date_gmt":"2022-07-12T06:37:20","guid":{"rendered":"http:\/\/107.6.182.27\/tr\/?p=258802"},"modified":"2022-07-13T08:59:05","modified_gmt":"2022-07-13T05:59:05","slug":"rus-savunmasi-70-yabanci-gemi-ukrayna-limanlarinda-mahsur-kaldi","status":"publish","type":"post","link":"https:\/\/archive.sana.sy\/tr\/?p=258802","title":{"rendered":"Rus Savunmas\u0131: 70 Yabanc\u0131 Gemi Ukrayna Limanlar\u0131nda Mahsur Kald\u0131"},"content":{"rendered":"<p>MOSKOVA \u2013 Rusya Savunma Bakanl\u0131\u011f\u0131, 16 \u00fclkeden 70 yabanc\u0131 geminin Ukrayna silahl\u0131 olu\u015fumlar\u0131n\u0131n hedefi olma ve may\u0131n tehlikesi nedeniyle Ukrayna limanlar\u0131nda mahsur kald\u0131\u011f\u0131n\u0131 ilan etti.<\/p>\n<p>Rusya Ulusal Savunma \u0130zleme Merkezi ba\u015fkan\u0131 Korgeneral Mikhail Mizintsev, RUSYA BUG\u00dcN kanal\u0131n\u0131n internet sitesinde yapt\u0131\u011f\u0131 a\u00e7\u0131klamada, \u201cBombalama ve may\u0131n tehlikesi nedeniyle 16 \u00fclkeden 70 yabanc\u0131 gemi hala Ukrayna limanlar\u0131nda mahsur kald\u0131\u201d dedi.<\/p>\n<p>Mizintsev, Rus ordusunun gemilerin hareketi i\u00e7in iki g\u00fcvenli deniz insani koridorunun i\u015fletilmesi i\u00e7in uygun ko\u015fullar\u0131 yaratt\u0131\u011f\u0131n\u0131 da s\u00f6zlerine ekledi.<\/p>\n<p><span style=\"color: #0000ff;\"><a style=\"color: #0000ff;\" href=\"https:\/\/www.facebook.com\/hashtag\/telegram_kanal%C4%B1m%C4%B1z?__eep__=6&amp;__cft__%5b0%5d=AZWmF_hteXnpumb3Pu0W5eGYnkZhMvdA7irOch3QjLNc0O1DOK08bk1QEfOurvMZxHSPitXGOeBkUWtkS4YmfdhXE5B7ifqy0d6N-VOW6EwTHPit5BLHNQnivwqE1bmKuGXfEndIeajkGv5RDVSuyhhd3J-d0sjoR9ROrgAzRNPPIw&amp;__tn__=*NK-R\">#Telegram_Kanal\u0131m\u0131z<\/a>: <a style=\"color: #0000ff;\" href=\"https:\/\/t.me\/SuriyeArapHaberAjans?fbclid=IwAR2-G8_I3PM0b__8XCiFWtgIh85YbmxAZzq_YroBrGo4wOaN1FLO2HWBHoY\">https:\/\/t.me\/SuriyeArapHaberAjans<\/a><\/span><\/p>\n","protected":false},"excerpt":{"rendered":"<p>MOSKOVA \u2013 Rusya Savunma Bakanl\u0131\u011f\u0131, 16 \u00fclkeden 70 yabanc\u0131 geminin Ukrayna silahl\u0131 olu\u015fumlar\u0131n\u0131n hedefi olma ve may\u0131n tehlikesi nedeniyle Ukrayna limanlar\u0131nda mahsur kald\u0131\u011f\u0131n\u0131 ilan etti. Rusya Ulusal Savunma \u0130zleme Merkezi ba\u015fkan\u0131 Korgeneral Mikhail Mizintsev, RUSYA BUG\u00dcN kanal\u0131n\u0131n internet sitesinde yapt\u0131\u011f\u0131 a\u00e7\u0131klamada, \u201cBombalama ve may\u0131n tehlikesi nedeniyle 16 \u00fclkeden 70 yabanc\u0131 gemi hala Ukrayna limanlar\u0131nda mahsur &hellip;<\/p>\n","protected":false},"author":36,"featured_media":258804,"comment_status":"closed","ping_status":"closed","sticky":false,"template":"","format":"standard","meta":{"footnotes":""},"categories":[458,459,17988],"tags":[],"class_list":["post-258802","post","type-post","status-publish","format-standard","has-post-thumbnail","","category-dunya1","category-haberler-arap-uluslararasi-politika","category-son-haberler"],"_links":{"self":[{"href":"https:\/\/archive.sana.sy\/tr\/index.php?rest_route=\/wp\/v2\/posts\/258802","targetHints":{"allow":["GET"]}}],"collection":[{"href":"https:\/\/archive.sana.sy\/tr\/index.php?rest_route=\/wp\/v2\/posts"}],"about":[{"href":"https:\/\/archive.sana.sy\/tr\/index.php?rest_route=\/wp\/v2\/types\/post"}],"author":[{"embeddable":true,"href":"https:\/\/archive.sana.sy\/tr\/index.php?rest_route=\/wp\/v2\/users\/36"}],"replies":[{"embeddable":true,"href":"https:\/\/archive.sana.sy\/tr\/index.php?rest_route=%2Fwp%2Fv2%2Fcomments&post=258802"}],"version-history":[{"count":0,"href":"https:\/\/archive.sana.sy\/tr\/index.php?rest_route=\/wp\/v2\/posts\/258802\/revisions"}],"wp:featuredmedia":[{"embeddable":true,"href":"https:\/\/archive.sana.sy\/tr\/index.php?rest_route=\/wp\/v2\/media\/258804"}],"wp:attachment":[{"href":"https:\/\/archive.sana.sy\/tr\/index.php?rest_route=%2Fwp%2Fv2%2Fmedia&parent=258802"}],"wp:term":[{"taxonomy":"category","embeddable":true,"href":"https:\/\/archive.sana.sy\/tr\/index.php?rest_route=%2Fwp%2Fv2%2Fcategories&post=258802"},{"taxonomy":"post_tag","embeddable":true,"href":"https:\/\/archive.sana.sy\/tr\/index.php?rest_route=%2Fwp%2Fv2%2Ftags&post=258802"}],"curies":[{"name":"wp","href":"https:\/\/api.w.org\/{rel}","templated":true}]}}