{"id":258810,"date":"2022-07-12T12:56:27","date_gmt":"2022-07-12T09:56:27","guid":{"rendered":"http:\/\/107.6.182.27\/tr\/?p=258810"},"modified":"2022-07-13T08:59:24","modified_gmt":"2022-07-13T05:59:24","slug":"rus-savunmasi-ka-52-ve-mi-8-helikopterlerinin-operasyonuyla-ilgili-videolar-yayinladi","status":"publish","type":"post","link":"https:\/\/archive.sana.sy\/tr\/?p=258810","title":{"rendered":"Rus Savunmas\u0131, \u201cKa-52\u201d ve \u201cMi-8\u201d Helikopterlerinin Operasyonuyla \u0130lgili Videolar Yay\u0131nlad\u0131 (V\u0130DEO)"},"content":{"rendered":"<p>MOSKOVA \u2013 Rusya Savunma Bakanl\u0131\u011f\u0131 bug\u00fcn, Ukrayna&#8217;daki operasyonda g\u00f6rev yapan Rus Bat\u0131 Askeri Servisi&#8217;ne ba\u011fl\u0131 \u201cKa-52 Timsah\u201d ve \u201cMi-8\u201d taarruz helikopteri ekiplerinin \u00e7al\u0131\u015fmalar\u0131n\u0131n videolar\u0131n\u0131 yay\u0131nlad\u0131.<\/p>\n<p>Rus Savunmas\u0131, \u201cKa-52\u201d ekiplerinin \u201cMi-8\u201d ekiplerinin korumas\u0131 alt\u0131nda bombalama operasyonlar\u0131 y\u00fcr\u00fctt\u00fc\u011f\u00fc, Mi-35 ekiplerinin ise Mi-8 helikopterlerini korudu\u011fu i\u00e7in helikopterlerin karma bir \u015fekilde \u00e7al\u0131\u015ft\u0131\u011f\u0131n\u0131 belirtti.<\/p>\n<p>Bakanl\u0131k, helikopterlerin \u00e7ok al\u00e7ak irtifalarda u\u00e7tu\u011funu belirtti.<\/p>\n<p><span style=\"color: #0000ff;\">#Telegram_Kanal\u0131m\u0131z: https:\/\/t.me\/SuriyeArapHaberAjans<\/span><\/p>\n<p style=\"text-align: center;\"><iframe loading=\"lazy\" title=\"\u0645\u0634\u0627\u0647\u062f \u0644\u0645\u0631\u0648\u062d\u064a\u0627\u062a \u0631\u0648\u0633\u064a\u0629 \u062e\u0644\u0627\u0644 \u0627\u0644\u0639\u0645\u0644\u064a\u0629 \u0627\u0644\u0639\u0633\u0643\u0631\u064a\u0629 \u0641\u064a \u0623\u0648\u0643\u0631\u0627\u0646\u064a\u0627\" src=\"https:\/\/www.youtube.com\/embed\/KSvXmwPoqB8\" width=\"620\" height=\"348\" frameborder=\"0\" allowfullscreen=\"allowfullscreen\"><\/iframe><\/p>\n","protected":false},"excerpt":{"rendered":"<p>MOSKOVA \u2013 Rusya Savunma Bakanl\u0131\u011f\u0131 bug\u00fcn, Ukrayna&#8217;daki operasyonda g\u00f6rev yapan Rus Bat\u0131 Askeri Servisi&#8217;ne ba\u011fl\u0131 \u201cKa-52 Timsah\u201d ve \u201cMi-8\u201d taarruz helikopteri ekiplerinin \u00e7al\u0131\u015fmalar\u0131n\u0131n videolar\u0131n\u0131 yay\u0131nlad\u0131. Rus Savunmas\u0131, \u201cKa-52\u201d ekiplerinin \u201cMi-8\u201d ekiplerinin korumas\u0131 alt\u0131nda bombalama operasyonlar\u0131 y\u00fcr\u00fctt\u00fc\u011f\u00fc, Mi-35 ekiplerinin ise Mi-8 helikopterlerini korudu\u011fu i\u00e7in helikopterlerin karma bir \u015fekilde \u00e7al\u0131\u015ft\u0131\u011f\u0131n\u0131 belirtti. Bakanl\u0131k, helikopterlerin \u00e7ok al\u00e7ak irtifalarda u\u00e7tu\u011funu &hellip;<\/p>\n","protected":false},"author":36,"featured_media":258811,"comment_status":"closed","ping_status":"closed","sticky":false,"template":"","format":"standard","meta":{"footnotes":""},"categories":[458,459,17988],"tags":[],"class_list":["post-258810","post","type-post","status-publish","format-standard","has-post-thumbnail","","category-dunya1","category-haberler-arap-uluslararasi-politika","category-son-haberler"],"_links":{"self":[{"href":"https:\/\/archive.sana.sy\/tr\/index.php?rest_route=\/wp\/v2\/posts\/258810","targetHints":{"allow":["GET"]}}],"collection":[{"href":"https:\/\/archive.sana.sy\/tr\/index.php?rest_route=\/wp\/v2\/posts"}],"about":[{"href":"https:\/\/archive.sana.sy\/tr\/index.php?rest_route=\/wp\/v2\/types\/post"}],"author":[{"embeddable":true,"href":"https:\/\/archive.sana.sy\/tr\/index.php?rest_route=\/wp\/v2\/users\/36"}],"replies":[{"embeddable":true,"href":"https:\/\/archive.sana.sy\/tr\/index.php?rest_route=%2Fwp%2Fv2%2Fcomments&post=258810"}],"version-history":[{"count":0,"href":"https:\/\/archive.sana.sy\/tr\/index.php?rest_route=\/wp\/v2\/posts\/258810\/revisions"}],"wp:featuredmedia":[{"embeddable":true,"href":"https:\/\/archive.sana.sy\/tr\/index.php?rest_route=\/wp\/v2\/media\/258811"}],"wp:attachment":[{"href":"https:\/\/archive.sana.sy\/tr\/index.php?rest_route=%2Fwp%2Fv2%2Fmedia&parent=258810"}],"wp:term":[{"taxonomy":"category","embeddable":true,"href":"https:\/\/archive.sana.sy\/tr\/index.php?rest_route=%2Fwp%2Fv2%2Fcategories&post=258810"},{"taxonomy":"post_tag","embeddable":true,"href":"https:\/\/archive.sana.sy\/tr\/index.php?rest_route=%2Fwp%2Fv2%2Ftags&post=258810"}],"curies":[{"name":"wp","href":"https:\/\/api.w.org\/{rel}","templated":true}]}}