{"id":258814,"date":"2022-07-12T23:08:39","date_gmt":"2022-07-12T20:08:39","guid":{"rendered":"http:\/\/107.6.182.27\/tr\/?p=258814"},"modified":"2022-07-14T09:59:18","modified_gmt":"2022-07-14T06:59:18","slug":"ermenistan-basbakani-suriye-ile-isbirligine-buyuk-onem-veriyoruz","status":"publish","type":"post","link":"https:\/\/archive.sana.sy\/tr\/?p=258814","title":{"rendered":"Ermenistan Ba\u015fbakan\u0131: Suriye \u0130le \u0130\u015fbirli\u011fine B\u00fcy\u00fck \u00d6nem Veriyoruz"},"content":{"rendered":"<p style=\"text-align: justify;\">ER\u0130VAN \u2013 Ermenistan Ba\u015fbakan\u0131 Nikol Pa\u015finyan, Ermenistan&#8217;\u0131n Suriye ile i\u015fbirli\u011fine ve iki \u00fclke aras\u0131ndaki tarihi ba\u011flar\u0131 g\u00fc\u00e7lendirmeye b\u00fcy\u00fck \u00f6nem verdi\u011fini teyit etti.<\/p>\n<p style=\"text-align: justify;\">Pa\u015finyan, Suriye&#8217;nin Ermenistan B\u00fcy\u00fckel\u00e7isi Dr. Nora Arisyan ile bug\u00fcn yapt\u0131\u011f\u0131 g\u00f6r\u00fc\u015fmede, \u201cDost Suriye&#8217;deki geli\u015fmeleri takip ediyoruz ve krizin en k\u0131sa s\u00fcrede atlat\u0131laca\u011f\u0131n\u0131 umuyoruz&#8221; dedi.<\/p>\n<p style=\"text-align: justify;\">Pa\u015finyan, 2019 y\u0131l\u0131nda Suriye&#8217;ye g\u00f6nderilen Ermeni insani misyonunun halka t\u0131bbi hizmet sa\u011flaman\u0131n yan\u0131 s\u0131ra may\u0131nlar\u0131n kald\u0131r\u0131lmas\u0131 ve tehlikelerine kar\u015f\u0131 bilin\u00e7lendirilmesi a\u00e7\u0131s\u0131ndan oynad\u0131\u011f\u0131 role de\u011findi.<\/p>\n<p style=\"text-align: justify;\">Ermenistan Ba\u015fbakan\u0131 Arisyan&#8217;\u0131 Suriye&#8217;nin Ermenistan b\u00fcy\u00fckel\u00e7isi olarak atanmas\u0131ndan dolay\u0131 kutlad\u0131 ve iki \u00fclke aras\u0131ndaki ili\u015fkilerin geli\u015ftirilmesine katk\u0131da bulunacak \u015fekilde etkin \u00e7al\u0131\u015fmas\u0131n\u0131 diledi.<\/p>\n<p style=\"text-align: justify;\">Buna kar\u015f\u0131l\u0131k Arissian, Ermenistan h\u00fck\u00fcmetine Suriye&#8217;ye y\u00f6nelik destekleyici tutumundan dolay\u0131 te\u015fekk\u00fcr ederek, ikili ili\u015fkileri peki\u015ftirmek i\u00e7in her t\u00fcrl\u00fc \u00e7abay\u0131 g\u00f6sterece\u011fini kaydetti.<\/p>\n<p style=\"text-align: justify;\">P.M.<\/p>\n","protected":false},"excerpt":{"rendered":"<p>ER\u0130VAN \u2013 Ermenistan Ba\u015fbakan\u0131 Nikol Pa\u015finyan, Ermenistan&#8217;\u0131n Suriye ile i\u015fbirli\u011fine ve iki \u00fclke aras\u0131ndaki tarihi ba\u011flar\u0131 g\u00fc\u00e7lendirmeye b\u00fcy\u00fck \u00f6nem verdi\u011fini teyit etti. Pa\u015finyan, Suriye&#8217;nin Ermenistan B\u00fcy\u00fckel\u00e7isi Dr. Nora Arisyan ile bug\u00fcn yapt\u0131\u011f\u0131 g\u00f6r\u00fc\u015fmede, \u201cDost Suriye&#8217;deki geli\u015fmeleri takip ediyoruz ve krizin en k\u0131sa s\u00fcrede atlat\u0131laca\u011f\u0131n\u0131 umuyoruz&#8221; dedi. Pa\u015finyan, 2019 y\u0131l\u0131nda Suriye&#8217;ye g\u00f6nderilen Ermeni insani misyonunun halka &hellip;<\/p>\n","protected":false},"author":1,"featured_media":0,"comment_status":"closed","ping_status":"closed","sticky":false,"template":"","format":"standard","meta":{"footnotes":""},"categories":[458,459,17988],"tags":[],"class_list":["post-258814","post","type-post","status-publish","format-standard","","category-dunya1","category-haberler-arap-uluslararasi-politika","category-son-haberler"],"_links":{"self":[{"href":"https:\/\/archive.sana.sy\/tr\/index.php?rest_route=\/wp\/v2\/posts\/258814","targetHints":{"allow":["GET"]}}],"collection":[{"href":"https:\/\/archive.sana.sy\/tr\/index.php?rest_route=\/wp\/v2\/posts"}],"about":[{"href":"https:\/\/archive.sana.sy\/tr\/index.php?rest_route=\/wp\/v2\/types\/post"}],"author":[{"embeddable":true,"href":"https:\/\/archive.sana.sy\/tr\/index.php?rest_route=\/wp\/v2\/users\/1"}],"replies":[{"embeddable":true,"href":"https:\/\/archive.sana.sy\/tr\/index.php?rest_route=%2Fwp%2Fv2%2Fcomments&post=258814"}],"version-history":[{"count":0,"href":"https:\/\/archive.sana.sy\/tr\/index.php?rest_route=\/wp\/v2\/posts\/258814\/revisions"}],"wp:attachment":[{"href":"https:\/\/archive.sana.sy\/tr\/index.php?rest_route=%2Fwp%2Fv2%2Fmedia&parent=258814"}],"wp:term":[{"taxonomy":"category","embeddable":true,"href":"https:\/\/archive.sana.sy\/tr\/index.php?rest_route=%2Fwp%2Fv2%2Fcategories&post=258814"},{"taxonomy":"post_tag","embeddable":true,"href":"https:\/\/archive.sana.sy\/tr\/index.php?rest_route=%2Fwp%2Fv2%2Ftags&post=258814"}],"curies":[{"name":"wp","href":"https:\/\/api.w.org\/{rel}","templated":true}]}}