{"id":258817,"date":"2022-07-12T23:10:10","date_gmt":"2022-07-12T20:10:10","guid":{"rendered":"http:\/\/107.6.182.27\/tr\/?p=258817"},"modified":"2022-07-14T10:00:03","modified_gmt":"2022-07-14T07:00:03","slug":"cumhurbaskani-el-esad-yonlendirmeleriyle-elektrik-bakani-halepteki-termik-santraldeki-iscileri-onurlandirdi","status":"publish","type":"post","link":"https:\/\/archive.sana.sy\/tr\/?p=258817","title":{"rendered":"Cumhurba\u015fkan\u0131 el Esad Y\u00f6nlendirmeleriyle Elektrik Bakan\u0131 Halep&#8217;teki Termik Santraldeki \u0130\u015f\u00e7ileri Onurland\u0131rd\u0131"},"content":{"rendered":"<p style=\"text-align: justify;\">HALEP \u2013 Cumhurba\u015fkan\u0131 Be\u015f\u015far el Esad taraf\u0131ndan g\u00f6revlendirilen Elektrik Bakan\u0131 M\u00fch.\u011ehassan el Zamel, bu sabah Halep&#8217;teki termik santraldeki i\u015f\u00e7ileri onurland\u0131rd\u0131.<\/p>\n<p style=\"text-align: justify;\">El Zamel, Cumhurba\u015fkan\u0131 el Esad&#8217;\u0131n termik santraldeki m\u00fchendisler, teknisyenler, y\u00f6neticiler ve i\u015f\u00e7iler de dahil olmak \u00fczere t\u00fcm i\u015f\u00e7ilere mali bir \u00f6d\u00fcl tahsis etmeyi emretti\u011fini ve be\u015finci ku\u015fa\u011f\u0131 eski haline getirmek i\u00e7in g\u00f6sterdikleri samimi \u00e7aba i\u00e7in t\u00fcm takdir ve sevgiyi hak ettiklerini vurgulad\u0131.<\/p>\n<p style=\"text-align: justify;\">Elektrik Bakan\u0131, Halep&#8217;teki termik istasyonun yeniden ba\u015flat\u0131lmas\u0131n\u0131n ter\u00f6rizm kar\u015f\u0131s\u0131nda herkese \u00f6nemli ve g\u00fc\u00e7l\u00fc bir mesaj ve bir meydan okuma te\u015fkil etti\u011fini vurgulad\u0131.<\/p>\n<p style=\"text-align: justify;\">\u0130stasyon \u00e7al\u0131\u015fanlar\u0131, \u00fcretime ve vermeye devam etme kararl\u0131l\u0131klar\u0131n\u0131 ve kararl\u0131l\u0131klar\u0131n\u0131 art\u0131ran bu onur i\u00e7in minnettarl\u0131klar\u0131n\u0131 ve mutluluklar\u0131n\u0131 dile getirdiler.<\/p>\n<p style=\"text-align: justify;\">P.M.<\/p>\n","protected":false},"excerpt":{"rendered":"<p>HALEP \u2013 Cumhurba\u015fkan\u0131 Be\u015f\u015far el Esad taraf\u0131ndan g\u00f6revlendirilen Elektrik Bakan\u0131 M\u00fch.\u011ehassan el Zamel, bu sabah Halep&#8217;teki termik santraldeki i\u015f\u00e7ileri onurland\u0131rd\u0131. El Zamel, Cumhurba\u015fkan\u0131 el Esad&#8217;\u0131n termik santraldeki m\u00fchendisler, teknisyenler, y\u00f6neticiler ve i\u015f\u00e7iler de dahil olmak \u00fczere t\u00fcm i\u015f\u00e7ilere mali bir \u00f6d\u00fcl tahsis etmeyi emretti\u011fini ve be\u015finci ku\u015fa\u011f\u0131 eski haline getirmek i\u00e7in g\u00f6sterdikleri samimi \u00e7aba i\u00e7in &hellip;<\/p>\n","protected":false},"author":1,"featured_media":0,"comment_status":"closed","ping_status":"closed","sticky":false,"template":"","format":"standard","meta":{"footnotes":""},"categories":[479,17988,478],"tags":[],"class_list":["post-258817","post","type-post","status-publish","format-standard","","category-haberler-yerel","category-son-haberler","category-yerel"],"_links":{"self":[{"href":"https:\/\/archive.sana.sy\/tr\/index.php?rest_route=\/wp\/v2\/posts\/258817","targetHints":{"allow":["GET"]}}],"collection":[{"href":"https:\/\/archive.sana.sy\/tr\/index.php?rest_route=\/wp\/v2\/posts"}],"about":[{"href":"https:\/\/archive.sana.sy\/tr\/index.php?rest_route=\/wp\/v2\/types\/post"}],"author":[{"embeddable":true,"href":"https:\/\/archive.sana.sy\/tr\/index.php?rest_route=\/wp\/v2\/users\/1"}],"replies":[{"embeddable":true,"href":"https:\/\/archive.sana.sy\/tr\/index.php?rest_route=%2Fwp%2Fv2%2Fcomments&post=258817"}],"version-history":[{"count":0,"href":"https:\/\/archive.sana.sy\/tr\/index.php?rest_route=\/wp\/v2\/posts\/258817\/revisions"}],"wp:attachment":[{"href":"https:\/\/archive.sana.sy\/tr\/index.php?rest_route=%2Fwp%2Fv2%2Fmedia&parent=258817"}],"wp:term":[{"taxonomy":"category","embeddable":true,"href":"https:\/\/archive.sana.sy\/tr\/index.php?rest_route=%2Fwp%2Fv2%2Fcategories&post=258817"},{"taxonomy":"post_tag","embeddable":true,"href":"https:\/\/archive.sana.sy\/tr\/index.php?rest_route=%2Fwp%2Fv2%2Ftags&post=258817"}],"curies":[{"name":"wp","href":"https:\/\/api.w.org\/{rel}","templated":true}]}}