{"id":258838,"date":"2022-07-13T16:09:56","date_gmt":"2022-07-13T13:09:56","guid":{"rendered":"http:\/\/107.6.182.27\/tr\/?p=258838"},"modified":"2022-07-14T09:57:18","modified_gmt":"2022-07-14T06:57:18","slug":"sam-kirsali-sanayii-yil-basindan-bu-yana-109-sanayi-tesisi-uretime-girdi","status":"publish","type":"post","link":"https:\/\/archive.sana.sy\/tr\/?p=258838","title":{"rendered":"\u015eam K\u0131rsal\u0131 Sanayii: Y\u0131l Ba\u015f\u0131ndan Bu Yana 109 Sanayi Tesisi \u00dcretime Girdi"},"content":{"rendered":"<p style=\"text-align: justify;\">\u015eAM &#8211; Bu a\u015famadaki h\u00fck\u00fcmet politikalar\u0131, di\u011fer sekt\u00f6rler gibi Suriye&#8217;ye y\u00f6nelik ter\u00f6r sava\u015f\u0131ndan etkilenen yerel imalat sekt\u00f6r\u00fcn\u00fcn yeniden geli\u015ftirilmesine odaklanmaktad\u0131r. \u0130lgili makamlar, sanayi sekt\u00f6r\u00fcn\u00fc desteklemek ve \u00fcretim \u00e7ark\u0131n\u0131 geri d\u00f6n\u00fc\u015ft\u00fcrmek i\u00e7in bir\u00e7ok ad\u0131m atmaktad\u0131r.<\/p>\n<p style=\"text-align: justify;\">\u015eam K\u0131rsal\u0131nda Sanayii M\u00fcd\u00fcr\u00fc M\u00fchendis Muhammed Fayyad, SANA muhabirine yapt\u0131\u011f\u0131 a\u00e7\u0131klamada, bu ad\u0131mlar\u0131n en belirgininin ruhsatland\u0131rma i\u015flemlerini kolayla\u015ft\u0131rmak, b\u00fcy\u00fck projelere devlet m\u00fclk\u00fcnden arazi tahsis etmek, yeni yat\u0131r\u0131m kanunu \u00e7\u0131karmak, mali finans deste\u011fi vermek, Kredi Riski Garanti Kurumu&#8217;nun \u00e7al\u0131\u015fmalar\u0131n\u0131 ba\u015flatmak, ithal ikame program\u0131n\u0131 geni\u015fletmek ve yeni sekt\u00f6rleri dahil etmek, ihracat s\u00fcbvansiyon program\u0131 ve banka kredileri i\u00e7in faiz oran\u0131 deste\u011fi sunmak oldu\u011funu s\u00f6yledi.<\/p>\n<p style=\"text-align: justify;\">Fayyad, ekonomik ablukan\u0131n yans\u0131malar\u0131na ve ba\u015fta enerji sekt\u00f6r\u00fc ve nakliye maliyetleri olmak \u00fczere k\u00fcresel piyasalardaki h\u0131zl\u0131 de\u011fi\u015fimlere ra\u011fmen, \u015eam k\u0131rsal\u0131ndaki sanayi ve zanaat sekt\u00f6r\u00fcn\u00fcn bu y\u0131l\u0131n ba\u015f\u0131ndan bu yana kayda de\u011fer b\u00fcy\u00fcme g\u00f6stergeleri kaydetti\u011fini belirterek, odak noktas\u0131n\u0131n \u015fu anda stratejik end\u00fcstrileri ve tar\u0131msal i\u015flemeyi desteklemek ve tar\u0131msal g\u00fcbre ve pestisit \u00fcretimini art\u0131rmak i\u00e7in gerekli end\u00fcstrileri te\u015fvik etmek oldu\u011funa dikkat \u00e7ekti.<\/p>\n<p style=\"text-align: justify;\">Fayyad, aras\u0131nda \u00e7al\u0131\u015fmaya ve \u00fcretime ba\u015flayan kurulu\u015f ve projelerle ilgili olarak, 6,4 milyar liran\u0131n \u00fczerinde sermaye ile hayata ge\u00e7irilen 109 tesisin, 827 i\u015f imkan\u0131 sa\u011flayarak, 35&#8217;i m\u00fchendislik, ard\u0131ndan 34&#8217;\u00fc kimya, ard\u0131ndan 34&#8217;\u00fc m\u00fchendislik, 29 tesisi ile g\u0131da sekt\u00f6r\u00fc ve 11 tesisi ile tekstil sekt\u00f6r\u00fc, yakla\u015f\u0131k 429 milyon lira sermaye ile 76 zanaat tesisi hayata ge\u00e7irilirken, 173 i\u015f\u00e7iyi \u00e7al\u0131\u015ft\u0131rd\u0131\u011f\u0131n\u0131, 60 kurulu\u015f ile m\u00fchendislik sekt\u00f6r\u00fcne a\u011f\u0131rl\u0131kl\u0131 olarak da\u011f\u0131t\u0131ld\u0131\u011f\u0131n\u0131, geri kalan\u0131n\u0131n ise g\u0131da, kimya ve tekstil oldu\u011funua i\u015faret etti.<\/p>\n","protected":false},"excerpt":{"rendered":"<p>\u015eAM &#8211; Bu a\u015famadaki h\u00fck\u00fcmet politikalar\u0131, di\u011fer sekt\u00f6rler gibi Suriye&#8217;ye y\u00f6nelik ter\u00f6r sava\u015f\u0131ndan etkilenen yerel imalat sekt\u00f6r\u00fcn\u00fcn yeniden geli\u015ftirilmesine odaklanmaktad\u0131r. \u0130lgili makamlar, sanayi sekt\u00f6r\u00fcn\u00fc desteklemek ve \u00fcretim \u00e7ark\u0131n\u0131 geri d\u00f6n\u00fc\u015ft\u00fcrmek i\u00e7in bir\u00e7ok ad\u0131m atmaktad\u0131r. \u015eam K\u0131rsal\u0131nda Sanayii M\u00fcd\u00fcr\u00fc M\u00fchendis Muhammed Fayyad, SANA muhabirine yapt\u0131\u011f\u0131 a\u00e7\u0131klamada, bu ad\u0131mlar\u0131n en belirgininin ruhsatland\u0131rma i\u015flemlerini kolayla\u015ft\u0131rmak, b\u00fcy\u00fck projelere devlet &hellip;<\/p>\n","protected":false},"author":1,"featured_media":0,"comment_status":"closed","ping_status":"closed","sticky":false,"template":"","format":"standard","meta":{"footnotes":""},"categories":[485,486,479,17988,478],"tags":[],"class_list":["post-258838","post","type-post","status-publish","format-standard","","category-is-ve-sermaye","category-haberler-is-ve-sermaye","category-haberler-yerel","category-son-haberler","category-yerel"],"_links":{"self":[{"href":"https:\/\/archive.sana.sy\/tr\/index.php?rest_route=\/wp\/v2\/posts\/258838","targetHints":{"allow":["GET"]}}],"collection":[{"href":"https:\/\/archive.sana.sy\/tr\/index.php?rest_route=\/wp\/v2\/posts"}],"about":[{"href":"https:\/\/archive.sana.sy\/tr\/index.php?rest_route=\/wp\/v2\/types\/post"}],"author":[{"embeddable":true,"href":"https:\/\/archive.sana.sy\/tr\/index.php?rest_route=\/wp\/v2\/users\/1"}],"replies":[{"embeddable":true,"href":"https:\/\/archive.sana.sy\/tr\/index.php?rest_route=%2Fwp%2Fv2%2Fcomments&post=258838"}],"version-history":[{"count":0,"href":"https:\/\/archive.sana.sy\/tr\/index.php?rest_route=\/wp\/v2\/posts\/258838\/revisions"}],"wp:attachment":[{"href":"https:\/\/archive.sana.sy\/tr\/index.php?rest_route=%2Fwp%2Fv2%2Fmedia&parent=258838"}],"wp:term":[{"taxonomy":"category","embeddable":true,"href":"https:\/\/archive.sana.sy\/tr\/index.php?rest_route=%2Fwp%2Fv2%2Fcategories&post=258838"},{"taxonomy":"post_tag","embeddable":true,"href":"https:\/\/archive.sana.sy\/tr\/index.php?rest_route=%2Fwp%2Fv2%2Ftags&post=258838"}],"curies":[{"name":"wp","href":"https:\/\/api.w.org\/{rel}","templated":true}]}}