{"id":258844,"date":"2022-07-13T16:40:08","date_gmt":"2022-07-13T13:40:08","guid":{"rendered":"http:\/\/107.6.182.27\/tr\/?p=258844"},"modified":"2022-07-14T09:57:44","modified_gmt":"2022-07-14T06:57:44","slug":"yedi-yillik-aradan-sonra-tel-salhab-seker-sirketi-ureticilerden-seker-pancari-almaya-basladi","status":"publish","type":"post","link":"https:\/\/archive.sana.sy\/tr\/?p=258844","title":{"rendered":"Yedi Y\u0131ll\u0131k Aradan Sonra Tel Salhab \u015eeker \u015eirketi, \u00dcreticilerden \u015eeker Pancar\u0131 Almaya Ba\u015flad\u0131"},"content":{"rendered":"<p style=\"text-align: justify;\">HAMA &#8211; Bug\u00fcn, Hama k\u0131rsal\u0131ndaki Tel Salhab \u015eeker \u015eirketi&#8217;nin \u015feker pancar\u0131 pazarlama faaliyetleri, kriz nedeniyle 7 y\u0131l aradan sonra ba\u015flad\u0131.<\/p>\n<p style=\"text-align: justify;\">\u015eeker Genel M\u00fcd\u00fcrl\u00fc\u011f\u00fc Ba\u015fkan\u0131 Saad Al Din Al Ali, fabrikan\u0131n faaliyete ge\u00e7mesinin \u015feker pancar\u0131 \u00fcretimi ve \u015feker \u00fcretimi alan\u0131nda \u00f6nemli bir ba\u015far\u0131 oldu\u011funu ve bu mahsul\u00fcn \u00e7ift\u00e7i ve \u00fcreticilerine destek oldu\u011funu ifade etti. Y\u0131ll\u0131k 300-400 ton ile Suriye d\u00fczeyinde \u00fcretimde ilk s\u0131rada yer alan Al Gab b\u00f6lgesinde \u015feker pancar\u0131 ekiminin eskisi gibi geli\u015fmeye devam edece\u011fini umduklar\u0131n\u0131 dile getirdi.<\/p>\n<p style=\"text-align: justify;\">Buna kar\u015f\u0131l\u0131k G\u0131da Sanayii Genel M\u00fcd\u00fcrl\u00fc\u011f\u00fc ve Tel Salhab \u015eeker \u015eirketi M\u00fcd\u00fcr\u00fc M\u00fch. \u0130brahim Nasra, bug\u00fcn \u00fcreticilerden mahsul alma i\u015flemlerinin ba\u015flad\u0131\u011f\u0131n\u0131 ve buna paralel olarak kazanlar\u0131n i\u015fletildi\u011fini ifade etti.<\/p>\n<p style=\"text-align: justify;\">Nasra, \u015firketin kendi otomatik \u00fcreten t\u00fcrbini ile f\u0131r\u0131n\u0131n \u00e7al\u0131\u015fmas\u0131 ile ba\u011flant\u0131l\u0131 ve hepsi mahsul\u00fcn pazarlama d\u00f6nemi boyunca \u00e7al\u0131\u015fmaya devam edece\u011fine dikkat \u00e7ekti.<\/p>\n<p style=\"text-align: justify;\">\u015eirketin teknik ve \u00fcretim m\u00fcd\u00fcr\u00fc Rami \u0130sa, makinelerin ve ana departmanlar\u0131n \u00e7al\u0131\u015ft\u0131r\u0131lmas\u0131ndan \u00f6nce, \u00e7ift\u00e7ilere tedarik kartlar\u0131 da\u011f\u0131tt\u0131\u011f\u0131n\u0131 ve pancar \u00fcretim s\u00fcreci i\u00e7in ihtiya\u00e7 duyulan \u00e7e\u015fitli departmanlar\u0131n bak\u0131m\u0131 i\u00e7in at\u00f6lyeleri ve makineleri harekete ge\u00e7irdi\u011fini belirtti.<\/p>\n<p style=\"text-align: justify;\">\u0130sa, \u00fcretim hatlar\u0131n\u0131n bak\u0131m\u0131n\u0131 yapma s\u00fcrecinin, ister i\u015fteki ister y\u0131llar \u00f6nce emekli olsun, \u015firketin \u00fcretime d\u00f6n\u00fc\u015f\u00fcn ba\u015far\u0131s\u0131 i\u00e7in yapt\u0131\u011f\u0131 \u00e7a\u011fr\u0131ya profesyonel ve ulusal bir g\u00f6rev olarak cevap veren yerel uzmanl\u0131\u011fa ve kadrolara dayand\u0131\u011f\u0131n\u0131 a\u00e7\u0131klad\u0131<\/p>\n","protected":false},"excerpt":{"rendered":"<p>HAMA &#8211; Bug\u00fcn, Hama k\u0131rsal\u0131ndaki Tel Salhab \u015eeker \u015eirketi&#8217;nin \u015feker pancar\u0131 pazarlama faaliyetleri, kriz nedeniyle 7 y\u0131l aradan sonra ba\u015flad\u0131. \u015eeker Genel M\u00fcd\u00fcrl\u00fc\u011f\u00fc Ba\u015fkan\u0131 Saad Al Din Al Ali, fabrikan\u0131n faaliyete ge\u00e7mesinin \u015feker pancar\u0131 \u00fcretimi ve \u015feker \u00fcretimi alan\u0131nda \u00f6nemli bir ba\u015far\u0131 oldu\u011funu ve bu mahsul\u00fcn \u00e7ift\u00e7i ve \u00fcreticilerine destek oldu\u011funu ifade etti. Y\u0131ll\u0131k 300-400 &hellip;<\/p>\n","protected":false},"author":1,"featured_media":0,"comment_status":"closed","ping_status":"closed","sticky":false,"template":"","format":"standard","meta":{"footnotes":""},"categories":[485,486,479,17988,478],"tags":[],"class_list":["post-258844","post","type-post","status-publish","format-standard","","category-is-ve-sermaye","category-haberler-is-ve-sermaye","category-haberler-yerel","category-son-haberler","category-yerel"],"_links":{"self":[{"href":"https:\/\/archive.sana.sy\/tr\/index.php?rest_route=\/wp\/v2\/posts\/258844","targetHints":{"allow":["GET"]}}],"collection":[{"href":"https:\/\/archive.sana.sy\/tr\/index.php?rest_route=\/wp\/v2\/posts"}],"about":[{"href":"https:\/\/archive.sana.sy\/tr\/index.php?rest_route=\/wp\/v2\/types\/post"}],"author":[{"embeddable":true,"href":"https:\/\/archive.sana.sy\/tr\/index.php?rest_route=\/wp\/v2\/users\/1"}],"replies":[{"embeddable":true,"href":"https:\/\/archive.sana.sy\/tr\/index.php?rest_route=%2Fwp%2Fv2%2Fcomments&post=258844"}],"version-history":[{"count":0,"href":"https:\/\/archive.sana.sy\/tr\/index.php?rest_route=\/wp\/v2\/posts\/258844\/revisions"}],"wp:attachment":[{"href":"https:\/\/archive.sana.sy\/tr\/index.php?rest_route=%2Fwp%2Fv2%2Fmedia&parent=258844"}],"wp:term":[{"taxonomy":"category","embeddable":true,"href":"https:\/\/archive.sana.sy\/tr\/index.php?rest_route=%2Fwp%2Fv2%2Fcategories&post=258844"},{"taxonomy":"post_tag","embeddable":true,"href":"https:\/\/archive.sana.sy\/tr\/index.php?rest_route=%2Fwp%2Fv2%2Ftags&post=258844"}],"curies":[{"name":"wp","href":"https:\/\/api.w.org\/{rel}","templated":true}]}}