{"id":258959,"date":"2022-07-16T23:27:50","date_gmt":"2022-07-16T20:27:50","guid":{"rendered":"http:\/\/107.6.182.27\/tr\/?p=258959"},"modified":"2022-07-17T08:25:59","modified_gmt":"2022-07-17T05:25:59","slug":"al-dirbasiyye-elektrik-santralinde-arizalar-giderildi-hizmete-geri-dondu","status":"publish","type":"post","link":"https:\/\/archive.sana.sy\/tr\/?p=258959","title":{"rendered":"Al Dirbasiyye Elektrik Santralinde Ar\u0131zalar Giderildi Hizmete Geri D\u00f6nd\u00fc"},"content":{"rendered":"<p style=\"text-align: justify;\">HASEKE &#8211; Haseke Elektrik \u015eirketi teknik at\u00f6lyeleri, Alluk su istasyonunun kuyular\u0131n\u0131 besleyen Al Dirbasiyye elektrik santralini besleyen topraklama kablolar\u0131ndaki ar\u0131zan\u0131n giderilmesi \u00e7al\u0131\u015fmalar\u0131n\u0131 tamamlad\u0131.<\/p>\n<p style=\"text-align: justify;\">\u015eirketin genel m\u00fcd\u00fcr\u00fc M\u00fch. Enver Ukla SANA muhabirine yapt\u0131\u011f\u0131 a\u00e7\u0131klamada, Dirbasiyye elektrik santralinin hizmete a\u00e7\u0131ld\u0131\u011f\u0131n\u0131 ve b\u00f6lgedeki yakla\u015f\u0131k bir milyon vatanda\u015f\u0131n tek i\u00e7me suyu kayna\u011f\u0131 olan Alluk istasyonunun kuyular\u0131n\u0131 besledi\u011fini belirtti.<\/p>\n<p style=\"text-align: justify;\">Ukla, &#8220;Al Himme istasyonuna do\u011fru su pompalamaya ba\u015flamak \u00fczere istasyonun i\u015fletilmesi i\u00e7in Alluk kuyular\u0131n\u0131n beslenmesine \u00f6ncelik verildi ve Al Dirbasiyye \u015fehri ve k\u0131rsal\u0131na ait n\u00fcfus merkezlerinin geri kalan\u0131na besleme sa\u011fland\u0131\u011f\u0131n\u0131&#8221; s\u00f6yledi.<\/p>\n<p style=\"text-align: justify;\">Bug\u00fcn sabah saatlerinde topraklama kablolar\u0131nda meydana gelen ar\u0131za, Al Dirbasiyye trafo merkezinin hizmet d\u0131\u015f\u0131 kalmas\u0131na neden olurken, istasyondan elektrik ak\u0131m\u0131 ile beslenen Alluk kuyular\u0131ndan su bas\u0131m\u0131 durdurulmu\u015ftu.<\/p>\n","protected":false},"excerpt":{"rendered":"<p>HASEKE &#8211; Haseke Elektrik \u015eirketi teknik at\u00f6lyeleri, Alluk su istasyonunun kuyular\u0131n\u0131 besleyen Al Dirbasiyye elektrik santralini besleyen topraklama kablolar\u0131ndaki ar\u0131zan\u0131n giderilmesi \u00e7al\u0131\u015fmalar\u0131n\u0131 tamamlad\u0131. \u015eirketin genel m\u00fcd\u00fcr\u00fc M\u00fch. Enver Ukla SANA muhabirine yapt\u0131\u011f\u0131 a\u00e7\u0131klamada, Dirbasiyye elektrik santralinin hizmete a\u00e7\u0131ld\u0131\u011f\u0131n\u0131 ve b\u00f6lgedeki yakla\u015f\u0131k bir milyon vatanda\u015f\u0131n tek i\u00e7me suyu kayna\u011f\u0131 olan Alluk istasyonunun kuyular\u0131n\u0131 besledi\u011fini belirtti. Ukla, &hellip;<\/p>\n","protected":false},"author":1,"featured_media":258960,"comment_status":"closed","ping_status":"closed","sticky":false,"template":"","format":"standard","meta":{"footnotes":""},"categories":[479,17988,478],"tags":[],"class_list":["post-258959","post","type-post","status-publish","format-standard","has-post-thumbnail","","category-haberler-yerel","category-son-haberler","category-yerel"],"_links":{"self":[{"href":"https:\/\/archive.sana.sy\/tr\/index.php?rest_route=\/wp\/v2\/posts\/258959","targetHints":{"allow":["GET"]}}],"collection":[{"href":"https:\/\/archive.sana.sy\/tr\/index.php?rest_route=\/wp\/v2\/posts"}],"about":[{"href":"https:\/\/archive.sana.sy\/tr\/index.php?rest_route=\/wp\/v2\/types\/post"}],"author":[{"embeddable":true,"href":"https:\/\/archive.sana.sy\/tr\/index.php?rest_route=\/wp\/v2\/users\/1"}],"replies":[{"embeddable":true,"href":"https:\/\/archive.sana.sy\/tr\/index.php?rest_route=%2Fwp%2Fv2%2Fcomments&post=258959"}],"version-history":[{"count":0,"href":"https:\/\/archive.sana.sy\/tr\/index.php?rest_route=\/wp\/v2\/posts\/258959\/revisions"}],"wp:featuredmedia":[{"embeddable":true,"href":"https:\/\/archive.sana.sy\/tr\/index.php?rest_route=\/wp\/v2\/media\/258960"}],"wp:attachment":[{"href":"https:\/\/archive.sana.sy\/tr\/index.php?rest_route=%2Fwp%2Fv2%2Fmedia&parent=258959"}],"wp:term":[{"taxonomy":"category","embeddable":true,"href":"https:\/\/archive.sana.sy\/tr\/index.php?rest_route=%2Fwp%2Fv2%2Fcategories&post=258959"},{"taxonomy":"post_tag","embeddable":true,"href":"https:\/\/archive.sana.sy\/tr\/index.php?rest_route=%2Fwp%2Fv2%2Ftags&post=258959"}],"curies":[{"name":"wp","href":"https:\/\/api.w.org\/{rel}","templated":true}]}}