{"id":258966,"date":"2022-07-16T23:39:51","date_gmt":"2022-07-16T20:39:51","guid":{"rendered":"http:\/\/107.6.182.27\/tr\/?p=258966"},"modified":"2022-07-17T08:26:27","modified_gmt":"2022-07-17T05:26:27","slug":"el-mayadinde-firat-vadisi-kabileleri-ve-asiretleri-forumu-suriyeye-karsi-her-turlu-saldirganliga-karsi-ulusal-uyum","status":"publish","type":"post","link":"https:\/\/archive.sana.sy\/tr\/?p=258966","title":{"rendered":"El Mayadin&#8217;de F\u0131rat Vadisi Kabileleri ve A\u015firetleri Forumu: Suriye&#8217;ye Kar\u015f\u0131 Her T\u00fcrl\u00fc Sald\u0131rganl\u0131\u011fa Kar\u015f\u0131 Ulusal Uyum"},"content":{"rendered":"<p style=\"text-align: justify;\">DEYREZZOR &#8211; (Birle\u015fik, ba\u011f\u0131ms\u0131z bir Suriye) slogan\u0131 alt\u0131nda, F\u0131rat Vadisi&#8217;nin a\u015firet ve kabileleri, Deyrezzor k\u0131rsal\u0131ndaki el Mayadin \u015fehrinde a\u015firetlerin o\u011fullar\u0131 aras\u0131ndaki ulusal uyumu vurgulayan a\u015firet forumu d\u00fczenledi.<\/p>\n<p style=\"text-align: justify;\">Forumda Suriye topraklar\u0131n\u0131 ve halk\u0131n\u0131 korumadaki sava\u015flar\u0131nda kabile ve a\u015firet evlatlar\u0131n\u0131n Suriye&#8217;nin t\u00fcm topraklar\u0131 \u00fczerindeki ulusal ilkelere ve egemenli\u011fine olan ba\u011fl\u0131l\u0131klar\u0131 vurguland\u0131.<\/p>\n<p style=\"text-align: justify;\">Forumda \u00e7ok say\u0131da \u015feyh, ileri gelen, muhtarlar ve F\u0131rat Vadisi a\u015firet ayanlar\u0131n\u0131n kat\u0131l\u0131m\u0131na tan\u0131k olurken, &#8220;ulusal uyumu vurgulayan ve t\u00fcm sald\u0131rganl\u0131k ve ayr\u0131mc\u0131l\u0131k giri\u015fimlerine kar\u015f\u0131&#8221; vurgu yapan \u00e7ok say\u0131da konu\u015fma yap\u0131ld\u0131.<\/p>\n<p style=\"text-align: justify;\">Konu\u015fmac\u0131lar, Suriye devletinin t\u00fcm topraklar\u0131 \u00fczerindeki birli\u011fini ve egemenli\u011fini ve tekfirci ter\u00f6r ve ayr\u0131l\u0131k\u00e7\u0131 gruplar kar\u015f\u0131s\u0131nda Suriye Arap Ordusunu desteklemek i\u00e7in birlik i\u00e7inde durmas\u0131n\u0131, Suriye&#8217;ye y\u00f6nelik her t\u00fcrl\u00fc sald\u0131rganl\u0131\u011fa kar\u015f\u0131 koymas\u0131n\u0131 ve Amerikan ve T\u00fcrk i\u015fgalcilerin, eski ulusal a\u015firetleri itibars\u0131zla\u015ft\u0131rmak i\u00e7in a\u015firet b\u00fcy\u00fckleri olarak atad\u0131\u011f\u0131 ki\u015filerin tan\u0131mamas\u0131 vurguland\u0131.<\/p>\n","protected":false},"excerpt":{"rendered":"<p>DEYREZZOR &#8211; (Birle\u015fik, ba\u011f\u0131ms\u0131z bir Suriye) slogan\u0131 alt\u0131nda, F\u0131rat Vadisi&#8217;nin a\u015firet ve kabileleri, Deyrezzor k\u0131rsal\u0131ndaki el Mayadin \u015fehrinde a\u015firetlerin o\u011fullar\u0131 aras\u0131ndaki ulusal uyumu vurgulayan a\u015firet forumu d\u00fczenledi. Forumda Suriye topraklar\u0131n\u0131 ve halk\u0131n\u0131 korumadaki sava\u015flar\u0131nda kabile ve a\u015firet evlatlar\u0131n\u0131n Suriye&#8217;nin t\u00fcm topraklar\u0131 \u00fczerindeki ulusal ilkelere ve egemenli\u011fine olan ba\u011fl\u0131l\u0131klar\u0131 vurguland\u0131. Forumda \u00e7ok say\u0131da \u015feyh, ileri gelen, &hellip;<\/p>\n","protected":false},"author":1,"featured_media":258968,"comment_status":"closed","ping_status":"closed","sticky":false,"template":"","format":"standard","meta":{"footnotes":""},"categories":[479,17988,478],"tags":[],"class_list":["post-258966","post","type-post","status-publish","format-standard","has-post-thumbnail","","category-haberler-yerel","category-son-haberler","category-yerel"],"_links":{"self":[{"href":"https:\/\/archive.sana.sy\/tr\/index.php?rest_route=\/wp\/v2\/posts\/258966","targetHints":{"allow":["GET"]}}],"collection":[{"href":"https:\/\/archive.sana.sy\/tr\/index.php?rest_route=\/wp\/v2\/posts"}],"about":[{"href":"https:\/\/archive.sana.sy\/tr\/index.php?rest_route=\/wp\/v2\/types\/post"}],"author":[{"embeddable":true,"href":"https:\/\/archive.sana.sy\/tr\/index.php?rest_route=\/wp\/v2\/users\/1"}],"replies":[{"embeddable":true,"href":"https:\/\/archive.sana.sy\/tr\/index.php?rest_route=%2Fwp%2Fv2%2Fcomments&post=258966"}],"version-history":[{"count":0,"href":"https:\/\/archive.sana.sy\/tr\/index.php?rest_route=\/wp\/v2\/posts\/258966\/revisions"}],"wp:featuredmedia":[{"embeddable":true,"href":"https:\/\/archive.sana.sy\/tr\/index.php?rest_route=\/wp\/v2\/media\/258968"}],"wp:attachment":[{"href":"https:\/\/archive.sana.sy\/tr\/index.php?rest_route=%2Fwp%2Fv2%2Fmedia&parent=258966"}],"wp:term":[{"taxonomy":"category","embeddable":true,"href":"https:\/\/archive.sana.sy\/tr\/index.php?rest_route=%2Fwp%2Fv2%2Fcategories&post=258966"},{"taxonomy":"post_tag","embeddable":true,"href":"https:\/\/archive.sana.sy\/tr\/index.php?rest_route=%2Fwp%2Fv2%2Ftags&post=258966"}],"curies":[{"name":"wp","href":"https:\/\/api.w.org\/{rel}","templated":true}]}}