{"id":258971,"date":"2022-07-16T23:55:32","date_gmt":"2022-07-16T20:55:32","guid":{"rendered":"http:\/\/107.6.182.27\/tr\/?p=258971"},"modified":"2022-07-17T08:58:42","modified_gmt":"2022-07-17T05:58:42","slug":"israilin-tartusa-yonelik-saldiridan-kaynakli-tarimsal-hasarlarin-onarim-calismalarinin-sona-erdi-video","status":"publish","type":"post","link":"https:\/\/archive.sana.sy\/tr\/?p=258971","title":{"rendered":"\u0130srail&#8217;in Tartus&#8217;a Y\u00f6nelik Sald\u0131r\u0131dan Kaynakl\u0131 Tar\u0131msal Hasarlar\u0131n Onar\u0131m \u00c7al\u0131\u015fmalar\u0131n\u0131n Sona Erdi &#8211; Video"},"content":{"rendered":"<p>TARTUS &#8211; Su Kaynaklar\u0131 M\u00fcd\u00fcrl\u00fc\u011f\u00fc&#8217;n\u00fcn at\u00f6lyeleri, Hamidiye b\u00f6lgesindeki halkla i\u015f birli\u011fi i\u00e7inde, bu ay\u0131n ba\u015f\u0131nda b\u00f6lgeyi hedef alan, sulama ve elektrik \u015febekeleriyle vatanda\u015flar\u0131n tar\u0131msal mallar\u0131na zarar veren \u0130srail sald\u0131rganl\u0131\u011f\u0131n\u0131n neden oldu\u011fu \u00e7ukurlar\u0131n bak\u0131m onar\u0131m \u00e7al\u0131\u015fmalar\u0131n\u0131 ve dolgular\u0131n\u0131 tamamlad\u0131.<\/p>\n<p>Su Kaynaklar\u0131 M\u00fcd\u00fcr\u00fc M\u00fchendis Muhammed M\u0131hriz, SANA muhabirine yapt\u0131\u011f\u0131 a\u00e7\u0131klamada, \u201cM\u00fcd\u00fcrl\u00fc\u011f\u00fcn mekanizmalar\u0131 ve i\u00e7inde \u00e7al\u0131\u015fan teknik personel, sald\u0131rganl\u0131ktan etkilenen tar\u0131m arazilerini eski haline d\u00f6nd\u00fcrd\u00fc, \u00fczerindeki molozu kald\u0131rd\u0131, d\u00fczle\u015ftirdi ve insanlar\u0131n ekime ve onunla tekrar \u00e7al\u0131\u015fmas\u0131na yard\u0131mc\u0131 olmak i\u00e7in \u00e7ukurlar\u0131 yeniden doldurdu&#8221; dedi.<\/p>\n<p>Su Kaynaklar\u0131 M\u00fcd\u00fcrl\u00fc\u011f\u00fc Bak\u0131m Dairesi&#8217;nden M\u00fchendis Karim Al Mui, elli hektar tar\u0131m arazisini sulayan Tel Kazal&#8217;daki hasarl\u0131 hatt\u0131n onar\u0131m ve bak\u0131m\u0131n\u0131n tamamland\u0131\u011f\u0131n\u0131 a\u00e7\u0131klayarak, sald\u0131r\u0131dan zarar g\u00f6ren arazilerin sulanmas\u0131 i\u00e7in bug\u00fcn su ge\u00e7irilece\u011fine i\u015faret etti.<\/p>\n<p><iframe loading=\"lazy\" title=\"\u0625\u0635\u0644\u0627\u062d \u0627\u0644\u0623\u0636\u0631\u0627\u0631 \u0627\u0644\u0632\u0631\u0627\u0639\u064a\u0629 \u0627\u0644\u0646\u0627\u062c\u0645\u0629 \u0639\u0646 \u0627\u0644\u0639\u062f\u0648\u0627\u0646 \u0627\u0644\u0625\u0633\u0631\u0627\u0626\u064a\u0644\u064a \u0639\u0644\u0649 \u0645\u0646\u0637\u0642\u0629 \u0627\u0644\u062d\u0645\u064a\u062f\u064a\u0629 \u0628\u0637\u0631\u0637\u0648\u0633\" src=\"https:\/\/www.youtube.com\/embed\/Q8XqlanOZRU\" width=\"620\" height=\"348\" frameborder=\"0\" allowfullscreen=\"allowfullscreen\"><\/iframe><\/p>\n","protected":false},"excerpt":{"rendered":"<p>TARTUS &#8211; Su Kaynaklar\u0131 M\u00fcd\u00fcrl\u00fc\u011f\u00fc&#8217;n\u00fcn at\u00f6lyeleri, Hamidiye b\u00f6lgesindeki halkla i\u015f birli\u011fi i\u00e7inde, bu ay\u0131n ba\u015f\u0131nda b\u00f6lgeyi hedef alan, sulama ve elektrik \u015febekeleriyle vatanda\u015flar\u0131n tar\u0131msal mallar\u0131na zarar veren \u0130srail sald\u0131rganl\u0131\u011f\u0131n\u0131n neden oldu\u011fu \u00e7ukurlar\u0131n bak\u0131m onar\u0131m \u00e7al\u0131\u015fmalar\u0131n\u0131 ve dolgular\u0131n\u0131 tamamlad\u0131. Su Kaynaklar\u0131 M\u00fcd\u00fcr\u00fc M\u00fchendis Muhammed M\u0131hriz, SANA muhabirine yapt\u0131\u011f\u0131 a\u00e7\u0131klamada, \u201cM\u00fcd\u00fcrl\u00fc\u011f\u00fcn mekanizmalar\u0131 ve i\u00e7inde \u00e7al\u0131\u015fan teknik personel, &hellip;<\/p>\n","protected":false},"author":1,"featured_media":258972,"comment_status":"closed","ping_status":"closed","sticky":false,"template":"","format":"standard","meta":{"footnotes":""},"categories":[479,17988,478],"tags":[],"class_list":["post-258971","post","type-post","status-publish","format-standard","has-post-thumbnail","","category-haberler-yerel","category-son-haberler","category-yerel"],"_links":{"self":[{"href":"https:\/\/archive.sana.sy\/tr\/index.php?rest_route=\/wp\/v2\/posts\/258971","targetHints":{"allow":["GET"]}}],"collection":[{"href":"https:\/\/archive.sana.sy\/tr\/index.php?rest_route=\/wp\/v2\/posts"}],"about":[{"href":"https:\/\/archive.sana.sy\/tr\/index.php?rest_route=\/wp\/v2\/types\/post"}],"author":[{"embeddable":true,"href":"https:\/\/archive.sana.sy\/tr\/index.php?rest_route=\/wp\/v2\/users\/1"}],"replies":[{"embeddable":true,"href":"https:\/\/archive.sana.sy\/tr\/index.php?rest_route=%2Fwp%2Fv2%2Fcomments&post=258971"}],"version-history":[{"count":0,"href":"https:\/\/archive.sana.sy\/tr\/index.php?rest_route=\/wp\/v2\/posts\/258971\/revisions"}],"wp:featuredmedia":[{"embeddable":true,"href":"https:\/\/archive.sana.sy\/tr\/index.php?rest_route=\/wp\/v2\/media\/258972"}],"wp:attachment":[{"href":"https:\/\/archive.sana.sy\/tr\/index.php?rest_route=%2Fwp%2Fv2%2Fmedia&parent=258971"}],"wp:term":[{"taxonomy":"category","embeddable":true,"href":"https:\/\/archive.sana.sy\/tr\/index.php?rest_route=%2Fwp%2Fv2%2Fcategories&post=258971"},{"taxonomy":"post_tag","embeddable":true,"href":"https:\/\/archive.sana.sy\/tr\/index.php?rest_route=%2Fwp%2Fv2%2Ftags&post=258971"}],"curies":[{"name":"wp","href":"https:\/\/api.w.org\/{rel}","templated":true}]}}