{"id":258996,"date":"2022-07-17T11:16:02","date_gmt":"2022-07-17T08:16:02","guid":{"rendered":"http:\/\/107.6.182.27\/tr\/?p=258996"},"modified":"2022-07-18T09:28:55","modified_gmt":"2022-07-18T06:28:55","slug":"ukraynadaki-rusya-ozel-askeri-operasyonunun-gelismeleri-41","status":"publish","type":"post","link":"https:\/\/archive.sana.sy\/tr\/?p=258996","title":{"rendered":"Ukrayna\u2019daki Rusya \u00d6zel Askeri Operasyonunun Geli\u015fmeleri"},"content":{"rendered":"<ul>\n<li>Zaporocyeh yetkilileri Kiev g\u00fc\u00e7lerinin geri \u00e7ekilmesini talep ediyor.<\/li>\n<li>Donetsk&#8217;te Ukrayna bombard\u0131man\u0131nda iki ki\u015fi vefat etti.<\/li>\n<li>\u00a0Rus Senat\u00f6r: Ukraynal\u0131 yetkililerin K\u0131r\u0131m&#8217;\u0131 hedef alma tehdidi, Nazizmi ortadan kald\u0131rma ihtiyac\u0131n\u0131 do\u011fruluyor.<\/li>\n<\/ul>\n<p><a class=\"oajrlxb2 g5ia77u1 qu0x051f esr5mh6w e9989ue4 r7d6kgcz rq0escxv nhd2j8a9 nc684nl6 p7hjln8o kvgmc6g5 cxmmr5t8 oygrvhab hcukyx3x jb3vyjys rz4wbd8a qt6c0cv9 a8nywdso i1ao9s8h esuyzwwr f1sip0of lzcic4wl gpro0wi8 q66pz984 b1v8xokw\" tabindex=\"0\" role=\"link\" href=\"https:\/\/www.facebook.com\/hashtag\/telegram_kanal%C4%B1m%C4%B1z?__eep__=6&amp;__cft__[0]=AZVApQ9OvDs5FCo87B6uqG6m3MAXH6a3nbMpHTI_XMLFDTuW20z9wJe572EL7i1NUDdnz3RupFHnJnuq5Q1C3_k3BvuxxsFBJFY68NiOF-8gxv7uAxoKBJqxtmT1D19E1lJrSEU0PazVjjP9zWBxDI1pQTQi0jGbyMUqIxabKgZgCg&amp;__tn__=*NK-R\">#Telegram_Kanal\u0131m\u0131z<\/a>: <a class=\"oajrlxb2 g5ia77u1 qu0x051f esr5mh6w e9989ue4 r7d6kgcz rq0escxv nhd2j8a9 nc684nl6 p7hjln8o kvgmc6g5 cxmmr5t8 oygrvhab hcukyx3x jb3vyjys rz4wbd8a qt6c0cv9 a8nywdso i1ao9s8h esuyzwwr f1sip0of lzcic4wl gpro0wi8 py34i1dx\" tabindex=\"0\" role=\"link\" href=\"https:\/\/l.facebook.com\/l.php?u=https%3A%2F%2Ft.me%2FSuriyeArapHaberAjans%3Ffbclid%3DIwAR0dpdwCYhspful7ACU2irdykjBRVQSSrBw0NgCS2h-UnmeeM2CKnuwJENk&amp;h=AT15sD0lVoQOWJh-DkB1sYjHP4VfwTv87SCazv1uGbWr95x6oE83YQf99RuRStQg0LCm8QgDr5A6T7I6VI70hpnaqhgD3tHiIPGzZN-8XvvpvaEfb9RjhMGMKYfaPP4-u-A&amp;__tn__=-UK-R&amp;c[0]=AT0191lcvs1ijZeJ-DKYHSYEfJ9g54yznJDJHyTX4lo51IQgZWz28lImgyIE2ca21WhB-265qgquXF15Gu2rjbP3wUu3DLmcoYnKoAadrxM18vkG6j8qY4BMLVsnrQWgnKvhpQEMjM_u8fLvUP-UkoQd31bY0bgmbh7DZPYfXPbku4wv1TuktcnxYNtTtDjcxuPMZo0L\" target=\"_blank\" rel=\"nofollow noopener\">https:\/\/t.me\/SuriyeArapHaberAjans<\/a><\/p>\n","protected":false},"excerpt":{"rendered":"<p>Zaporocyeh yetkilileri Kiev g\u00fc\u00e7lerinin geri \u00e7ekilmesini talep ediyor. Donetsk&#8217;te Ukrayna bombard\u0131man\u0131nda iki ki\u015fi vefat etti. \u00a0Rus Senat\u00f6r: Ukraynal\u0131 yetkililerin K\u0131r\u0131m&#8217;\u0131 hedef alma tehdidi, Nazizmi ortadan kald\u0131rma ihtiyac\u0131n\u0131 do\u011fruluyor. #Telegram_Kanal\u0131m\u0131z: https:\/\/t.me\/SuriyeArapHaberAjans<\/p>\n","protected":false},"author":39,"featured_media":258997,"comment_status":"closed","ping_status":"closed","sticky":false,"template":"","format":"standard","meta":{"footnotes":""},"categories":[458,459,17988],"tags":[],"class_list":["post-258996","post","type-post","status-publish","format-standard","has-post-thumbnail","","category-dunya1","category-haberler-arap-uluslararasi-politika","category-son-haberler"],"_links":{"self":[{"href":"https:\/\/archive.sana.sy\/tr\/index.php?rest_route=\/wp\/v2\/posts\/258996","targetHints":{"allow":["GET"]}}],"collection":[{"href":"https:\/\/archive.sana.sy\/tr\/index.php?rest_route=\/wp\/v2\/posts"}],"about":[{"href":"https:\/\/archive.sana.sy\/tr\/index.php?rest_route=\/wp\/v2\/types\/post"}],"author":[{"embeddable":true,"href":"https:\/\/archive.sana.sy\/tr\/index.php?rest_route=\/wp\/v2\/users\/39"}],"replies":[{"embeddable":true,"href":"https:\/\/archive.sana.sy\/tr\/index.php?rest_route=%2Fwp%2Fv2%2Fcomments&post=258996"}],"version-history":[{"count":0,"href":"https:\/\/archive.sana.sy\/tr\/index.php?rest_route=\/wp\/v2\/posts\/258996\/revisions"}],"wp:featuredmedia":[{"embeddable":true,"href":"https:\/\/archive.sana.sy\/tr\/index.php?rest_route=\/wp\/v2\/media\/258997"}],"wp:attachment":[{"href":"https:\/\/archive.sana.sy\/tr\/index.php?rest_route=%2Fwp%2Fv2%2Fmedia&parent=258996"}],"wp:term":[{"taxonomy":"category","embeddable":true,"href":"https:\/\/archive.sana.sy\/tr\/index.php?rest_route=%2Fwp%2Fv2%2Fcategories&post=258996"},{"taxonomy":"post_tag","embeddable":true,"href":"https:\/\/archive.sana.sy\/tr\/index.php?rest_route=%2Fwp%2Fv2%2Ftags&post=258996"}],"curies":[{"name":"wp","href":"https:\/\/api.w.org\/{rel}","templated":true}]}}