{"id":259035,"date":"2022-07-18T09:28:01","date_gmt":"2022-07-18T06:28:01","guid":{"rendered":"http:\/\/107.6.182.27\/tr\/?p=259035"},"modified":"2022-07-18T14:44:56","modified_gmt":"2022-07-18T11:44:56","slug":"259035","status":"publish","type":"post","link":"https:\/\/archive.sana.sy\/tr\/?p=259035","title":{"rendered":"Ukrayna\u2019daki Rusya \u00d6zel Askeri Operasyonunun Geli\u015fmeleri"},"content":{"rendered":"<ul>\n<li>Kli\u015fas: Nazilerden ar\u0131nd\u0131rma Kiev yetkililerine yakla\u015f\u0131yor.<\/li>\n<li>Lavrov: Kiev rejimi ve sponsorlar\u0131 Rusya&#8217;y\u0131 \u015feytanla\u015ft\u0131rmak i\u00e7in kanl\u0131, dramatik operasyonlar \u00fcretiyor.<\/li>\n<li>\u00a0Zaharova: Rus kar\u015f\u0131t\u0131 yapt\u0131r\u0131mlar Avrupal\u0131lar\u0131 hemen etkiledi.<\/li>\n<li>Rus Savunmas\u0131: Donbass&#8217;ta Ukraynal\u0131 &#8220;Yabanc\u0131 El Faylak&#8221;\u0131n 250 paral\u0131 askerinin ortadan kald\u0131r\u0131lmas\u0131<\/li>\n<li>Rusya Savunma Bakanl\u0131\u011f\u0131, Zaporocye b\u00f6lgesinde Ukrayna&#8217;ya ait 3 f\u00fcze ve top\u00e7u deposunun imha edildi\u011fini ve Donetsk&#8217;teki bir havaalan\u0131na top\u00e7u ate\u015fi s\u0131ras\u0131nda iki Mi-8 helikopterinin d\u00fc\u015f\u00fcr\u00fcld\u00fc\u011f\u00fcn\u00fc ilan etti.<\/li>\n<li>Herson, Ukrayna&#8217;n\u0131n Novaya Kahovka&#8217;ya f\u00fcze sald\u0131r\u0131s\u0131nda ba\u015far\u0131s\u0131z oldu.<\/li>\n<li>Ukrayna ve Donbas&#8217;tan 2,6 milyondan fazla insan s\u0131n\u0131r\u0131 ge\u00e7erek Rusya&#8217;ya ge\u00e7ti.<\/li>\n<li>Donetsk: Ukrayna kuvvetleri, topraklar\u0131m\u0131z\u0131 665 top mermisiyle bombalad\u0131.<\/li>\n<\/ul>\n<p><a class=\"oajrlxb2 g5ia77u1 qu0x051f esr5mh6w e9989ue4 r7d6kgcz rq0escxv nhd2j8a9 nc684nl6 p7hjln8o kvgmc6g5 cxmmr5t8 oygrvhab hcukyx3x jb3vyjys rz4wbd8a qt6c0cv9 a8nywdso i1ao9s8h esuyzwwr f1sip0of lzcic4wl gpro0wi8 q66pz984 b1v8xokw\" tabindex=\"0\" role=\"link\" href=\"https:\/\/www.facebook.com\/hashtag\/telegram_kanal%C4%B1m%C4%B1z?__eep__=6&amp;__cft__[0]=AZUraBJLe5jYUuAITzXIMzD5KUM4m_Elv2uP8A6RoFmpNO4qCk0KMPZt0i0uX4WU2TssZiLr_Aqh3eCZjToJetNbpb09trTElxc4-wxCxsHtfQUktHxa6kPwCkF0t-o-1_Ztk0KMxvWjFUmxH4aFsFAKKEXq_3S4HeIzbMUfNXL3dg&amp;__tn__=*NK-R\">#Telegram_Kanal\u0131m\u0131z<\/a>: <a class=\"oajrlxb2 g5ia77u1 qu0x051f esr5mh6w e9989ue4 r7d6kgcz rq0escxv nhd2j8a9 nc684nl6 p7hjln8o kvgmc6g5 cxmmr5t8 oygrvhab hcukyx3x jb3vyjys rz4wbd8a qt6c0cv9 a8nywdso i1ao9s8h esuyzwwr f1sip0of lzcic4wl gpro0wi8 py34i1dx\" tabindex=\"0\" role=\"link\" href=\"https:\/\/t.me\/SuriyeArapHaberAjans?fbclid=IwAR274aJHXi3UTBeolgaWmAaFSODZC470o4xOHWaHrA8faGSoQ7tRCojfV0s\" target=\"_blank\" rel=\"nofollow noopener\">https:\/\/t.me\/SuriyeArapHaberAjans<\/a><\/p>\n","protected":false},"excerpt":{"rendered":"<p>Kli\u015fas: Nazilerden ar\u0131nd\u0131rma Kiev yetkililerine yakla\u015f\u0131yor. Lavrov: Kiev rejimi ve sponsorlar\u0131 Rusya&#8217;y\u0131 \u015feytanla\u015ft\u0131rmak i\u00e7in kanl\u0131, dramatik operasyonlar \u00fcretiyor. \u00a0Zaharova: Rus kar\u015f\u0131t\u0131 yapt\u0131r\u0131mlar Avrupal\u0131lar\u0131 hemen etkiledi. Rus Savunmas\u0131: Donbass&#8217;ta Ukraynal\u0131 &#8220;Yabanc\u0131 El Faylak&#8221;\u0131n 250 paral\u0131 askerinin ortadan kald\u0131r\u0131lmas\u0131 Rusya Savunma Bakanl\u0131\u011f\u0131, Zaporocye b\u00f6lgesinde Ukrayna&#8217;ya ait 3 f\u00fcze ve top\u00e7u deposunun imha edildi\u011fini ve Donetsk&#8217;teki bir havaalan\u0131na &hellip;<\/p>\n","protected":false},"author":39,"featured_media":259036,"comment_status":"closed","ping_status":"closed","sticky":false,"template":"","format":"standard","meta":{"footnotes":""},"categories":[458,459,17988],"tags":[],"class_list":["post-259035","post","type-post","status-publish","format-standard","has-post-thumbnail","","category-dunya1","category-haberler-arap-uluslararasi-politika","category-son-haberler"],"_links":{"self":[{"href":"https:\/\/archive.sana.sy\/tr\/index.php?rest_route=\/wp\/v2\/posts\/259035","targetHints":{"allow":["GET"]}}],"collection":[{"href":"https:\/\/archive.sana.sy\/tr\/index.php?rest_route=\/wp\/v2\/posts"}],"about":[{"href":"https:\/\/archive.sana.sy\/tr\/index.php?rest_route=\/wp\/v2\/types\/post"}],"author":[{"embeddable":true,"href":"https:\/\/archive.sana.sy\/tr\/index.php?rest_route=\/wp\/v2\/users\/39"}],"replies":[{"embeddable":true,"href":"https:\/\/archive.sana.sy\/tr\/index.php?rest_route=%2Fwp%2Fv2%2Fcomments&post=259035"}],"version-history":[{"count":0,"href":"https:\/\/archive.sana.sy\/tr\/index.php?rest_route=\/wp\/v2\/posts\/259035\/revisions"}],"wp:featuredmedia":[{"embeddable":true,"href":"https:\/\/archive.sana.sy\/tr\/index.php?rest_route=\/wp\/v2\/media\/259036"}],"wp:attachment":[{"href":"https:\/\/archive.sana.sy\/tr\/index.php?rest_route=%2Fwp%2Fv2%2Fmedia&parent=259035"}],"wp:term":[{"taxonomy":"category","embeddable":true,"href":"https:\/\/archive.sana.sy\/tr\/index.php?rest_route=%2Fwp%2Fv2%2Fcategories&post=259035"},{"taxonomy":"post_tag","embeddable":true,"href":"https:\/\/archive.sana.sy\/tr\/index.php?rest_route=%2Fwp%2Fv2%2Ftags&post=259035"}],"curies":[{"name":"wp","href":"https:\/\/api.w.org\/{rel}","templated":true}]}}