{"id":259039,"date":"2022-07-18T10:26:55","date_gmt":"2022-07-18T07:26:55","guid":{"rendered":"http:\/\/107.6.182.27\/tr\/?p=259039"},"modified":"2022-07-19T08:45:37","modified_gmt":"2022-07-19T05:45:37","slug":"rusya-savunmasi-el-nusra-cephesi-teroristleri-guvenli-alanlari-bombalamak-icin-beyaz-kasklilar-sloganini-kullaniyor","status":"publish","type":"post","link":"https:\/\/archive.sana.sy\/tr\/?p=259039","title":{"rendered":"Rusya Savunmas\u0131: \u201cEl Nusra Cephesi\u201d Ter\u00f6ristleri G\u00fcvenli Alanlar\u0131 Bombalamak \u0130\u00e7in \u201cBeyaz Kaskl\u0131lar\u201d Slogan\u0131n\u0131 Kullan\u0131yor"},"content":{"rendered":"<p>MOSKOVA \u2013 Rusya Savunma Bakanl\u0131\u011f\u0131 bug\u00fcn, El Nusra Cephesi&#8217;ne ba\u011fl\u0131 ter\u00f6ristlerin, gerginli\u011fi azaltma b\u00f6lgesindeki g\u00fcvenli alanlar\u0131 bombalamak i\u00e7in &#8220;Beyaz Kaskl\u0131lar&#8221; \u00a0ter\u00f6r \u00f6rg\u00fct\u00fcn\u00fcn logosunu ta\u015f\u0131yan ambulans ve ara\u00e7lar kulland\u0131\u011f\u0131n\u0131 ilan etti.<\/p>\n<p>Hmeymim \u00fcss\u00fcndeki Rusya Koordinasyon Merkezi Ba\u015fkan Yard\u0131mc\u0131s\u0131 Yevgeny Gerasimov yapt\u0131\u011f\u0131 a\u00e7\u0131klamada, El Nusra Cephesi&#8217;ne ba\u011fl\u0131 ter\u00f6ristlerin Halep, \u0130dlib ve Lazkiye k\u0131rsallar\u0131ndaki g\u00fcvenli b\u00f6lgelerin bombalanmas\u0131 s\u0131ras\u0131nda ambulans ve &#8220;Beyaz Kaskl\u0131lar &#8221; ter\u00f6r \u00f6rg\u00fct\u00fcn\u00fcn logosunu ta\u015f\u0131yan ara\u00e7lar kulland\u0131\u011f\u0131n\u0131 belirtirken, son 24 saat i\u00e7inde 16 havan sald\u0131r\u0131s\u0131n\u0131n izlendi\u011fine dikkat \u00e7ekti.<\/p>\n<p><a class=\"oajrlxb2 g5ia77u1 qu0x051f esr5mh6w e9989ue4 r7d6kgcz rq0escxv nhd2j8a9 nc684nl6 p7hjln8o kvgmc6g5 cxmmr5t8 oygrvhab hcukyx3x jb3vyjys rz4wbd8a qt6c0cv9 a8nywdso i1ao9s8h esuyzwwr f1sip0of lzcic4wl gpro0wi8 q66pz984 b1v8xokw\" tabindex=\"0\" role=\"link\" href=\"https:\/\/www.facebook.com\/hashtag\/telegram_kanal%C4%B1m%C4%B1z?__eep__=6&amp;__cft__[0]=AZUraBJLe5jYUuAITzXIMzD5KUM4m_Elv2uP8A6RoFmpNO4qCk0KMPZt0i0uX4WU2TssZiLr_Aqh3eCZjToJetNbpb09trTElxc4-wxCxsHtfQUktHxa6kPwCkF0t-o-1_Ztk0KMxvWjFUmxH4aFsFAKKEXq_3S4HeIzbMUfNXL3dg&amp;__tn__=*NK-R\">#Telegram_Kanal\u0131m\u0131z<\/a>:\u00a0<a class=\"oajrlxb2 g5ia77u1 qu0x051f esr5mh6w e9989ue4 r7d6kgcz rq0escxv nhd2j8a9 nc684nl6 p7hjln8o kvgmc6g5 cxmmr5t8 oygrvhab hcukyx3x jb3vyjys rz4wbd8a qt6c0cv9 a8nywdso i1ao9s8h esuyzwwr f1sip0of lzcic4wl gpro0wi8 py34i1dx\" tabindex=\"0\" role=\"link\" href=\"https:\/\/t.me\/SuriyeArapHaberAjans?fbclid=IwAR274aJHXi3UTBeolgaWmAaFSODZC470o4xOHWaHrA8faGSoQ7tRCojfV0s\" target=\"_blank\" rel=\"nofollow noopener\">https:\/\/t.me\/SuriyeArapHaberAjans<\/a><\/p>\n","protected":false},"excerpt":{"rendered":"<p>MOSKOVA \u2013 Rusya Savunma Bakanl\u0131\u011f\u0131 bug\u00fcn, El Nusra Cephesi&#8217;ne ba\u011fl\u0131 ter\u00f6ristlerin, gerginli\u011fi azaltma b\u00f6lgesindeki g\u00fcvenli alanlar\u0131 bombalamak i\u00e7in &#8220;Beyaz Kaskl\u0131lar&#8221; \u00a0ter\u00f6r \u00f6rg\u00fct\u00fcn\u00fcn logosunu ta\u015f\u0131yan ambulans ve ara\u00e7lar kulland\u0131\u011f\u0131n\u0131 ilan etti. Hmeymim \u00fcss\u00fcndeki Rusya Koordinasyon Merkezi Ba\u015fkan Yard\u0131mc\u0131s\u0131 Yevgeny Gerasimov yapt\u0131\u011f\u0131 a\u00e7\u0131klamada, El Nusra Cephesi&#8217;ne ba\u011fl\u0131 ter\u00f6ristlerin Halep, \u0130dlib ve Lazkiye k\u0131rsallar\u0131ndaki g\u00fcvenli b\u00f6lgelerin bombalanmas\u0131 s\u0131ras\u0131nda &hellip;<\/p>\n","protected":false},"author":36,"featured_media":259040,"comment_status":"closed","ping_status":"closed","sticky":false,"template":"","format":"standard","meta":{"footnotes":""},"categories":[458,459,17988],"tags":[],"class_list":["post-259039","post","type-post","status-publish","format-standard","has-post-thumbnail","","category-dunya1","category-haberler-arap-uluslararasi-politika","category-son-haberler"],"_links":{"self":[{"href":"https:\/\/archive.sana.sy\/tr\/index.php?rest_route=\/wp\/v2\/posts\/259039","targetHints":{"allow":["GET"]}}],"collection":[{"href":"https:\/\/archive.sana.sy\/tr\/index.php?rest_route=\/wp\/v2\/posts"}],"about":[{"href":"https:\/\/archive.sana.sy\/tr\/index.php?rest_route=\/wp\/v2\/types\/post"}],"author":[{"embeddable":true,"href":"https:\/\/archive.sana.sy\/tr\/index.php?rest_route=\/wp\/v2\/users\/36"}],"replies":[{"embeddable":true,"href":"https:\/\/archive.sana.sy\/tr\/index.php?rest_route=%2Fwp%2Fv2%2Fcomments&post=259039"}],"version-history":[{"count":0,"href":"https:\/\/archive.sana.sy\/tr\/index.php?rest_route=\/wp\/v2\/posts\/259039\/revisions"}],"wp:featuredmedia":[{"embeddable":true,"href":"https:\/\/archive.sana.sy\/tr\/index.php?rest_route=\/wp\/v2\/media\/259040"}],"wp:attachment":[{"href":"https:\/\/archive.sana.sy\/tr\/index.php?rest_route=%2Fwp%2Fv2%2Fmedia&parent=259039"}],"wp:term":[{"taxonomy":"category","embeddable":true,"href":"https:\/\/archive.sana.sy\/tr\/index.php?rest_route=%2Fwp%2Fv2%2Fcategories&post=259039"},{"taxonomy":"post_tag","embeddable":true,"href":"https:\/\/archive.sana.sy\/tr\/index.php?rest_route=%2Fwp%2Fv2%2Ftags&post=259039"}],"curies":[{"name":"wp","href":"https:\/\/api.w.org\/{rel}","templated":true}]}}