{"id":259047,"date":"2022-07-18T11:40:49","date_gmt":"2022-07-18T08:40:49","guid":{"rendered":"http:\/\/107.6.182.27\/tr\/?p=259047"},"modified":"2022-07-19T08:45:53","modified_gmt":"2022-07-19T05:45:53","slug":"dsg-milisleri-tarafindan-kacirilan-suriye-el-ehbariya-muhabiri-muhammed-el-sagir-aclik-grevine-basladi","status":"publish","type":"post","link":"https:\/\/archive.sana.sy\/tr\/?p=259047","title":{"rendered":"DSG Milisleri Taraf\u0131ndan Ka\u00e7\u0131r\u0131lan Suriye El Ehbariya Muhabiri Muhammed El Sa\u011fir A\u00e7l\u0131k Grevine Ba\u015flad\u0131"},"content":{"rendered":"<p>HASEKE \u2013 Haseke SANA muhabiri, 2019 y\u0131l\u0131n\u0131n ba\u015f\u0131ndan bu yana &#8220;DSG&#8221; milisleri taraf\u0131ndan ka\u00e7\u0131r\u0131lan Suriye El Ehbariya muhabiri gazeteci Muhammed El Sa\u011fir&#8217;in g\u00f6zalt\u0131nda a\u00e7l\u0131k grevine ba\u015flad\u0131\u011f\u0131n\u0131 bildirdi.<\/p>\n<p><a class=\"oajrlxb2 g5ia77u1 qu0x051f esr5mh6w e9989ue4 r7d6kgcz rq0escxv nhd2j8a9 nc684nl6 p7hjln8o kvgmc6g5 cxmmr5t8 oygrvhab hcukyx3x jb3vyjys rz4wbd8a qt6c0cv9 a8nywdso i1ao9s8h esuyzwwr f1sip0of lzcic4wl gpro0wi8 q66pz984 b1v8xokw\" tabindex=\"0\" role=\"link\" href=\"https:\/\/www.facebook.com\/hashtag\/telegram_kanal%C4%B1m%C4%B1z?__eep__=6&amp;__cft__[0]=AZUraBJLe5jYUuAITzXIMzD5KUM4m_Elv2uP8A6RoFmpNO4qCk0KMPZt0i0uX4WU2TssZiLr_Aqh3eCZjToJetNbpb09trTElxc4-wxCxsHtfQUktHxa6kPwCkF0t-o-1_Ztk0KMxvWjFUmxH4aFsFAKKEXq_3S4HeIzbMUfNXL3dg&amp;__tn__=*NK-R\">#Telegram_Kanal\u0131m\u0131z<\/a>:\u00a0<a class=\"oajrlxb2 g5ia77u1 qu0x051f esr5mh6w e9989ue4 r7d6kgcz rq0escxv nhd2j8a9 nc684nl6 p7hjln8o kvgmc6g5 cxmmr5t8 oygrvhab hcukyx3x jb3vyjys rz4wbd8a qt6c0cv9 a8nywdso i1ao9s8h esuyzwwr f1sip0of lzcic4wl gpro0wi8 py34i1dx\" tabindex=\"0\" role=\"link\" href=\"https:\/\/t.me\/SuriyeArapHaberAjans?fbclid=IwAR274aJHXi3UTBeolgaWmAaFSODZC470o4xOHWaHrA8faGSoQ7tRCojfV0s\" target=\"_blank\" rel=\"nofollow noopener\">https:\/\/t.me\/SuriyeArapHaberAjans<\/a><\/p>\n","protected":false},"excerpt":{"rendered":"<p>HASEKE \u2013 Haseke SANA muhabiri, 2019 y\u0131l\u0131n\u0131n ba\u015f\u0131ndan bu yana &#8220;DSG&#8221; milisleri taraf\u0131ndan ka\u00e7\u0131r\u0131lan Suriye El Ehbariya muhabiri gazeteci Muhammed El Sa\u011fir&#8217;in g\u00f6zalt\u0131nda a\u00e7l\u0131k grevine ba\u015flad\u0131\u011f\u0131n\u0131 bildirdi. #Telegram_Kanal\u0131m\u0131z:\u00a0https:\/\/t.me\/SuriyeArapHaberAjans<\/p>\n","protected":false},"author":36,"featured_media":259048,"comment_status":"closed","ping_status":"closed","sticky":false,"template":"","format":"standard","meta":{"footnotes":""},"categories":[479,17988,478],"tags":[],"class_list":["post-259047","post","type-post","status-publish","format-standard","has-post-thumbnail","","category-haberler-yerel","category-son-haberler","category-yerel"],"_links":{"self":[{"href":"https:\/\/archive.sana.sy\/tr\/index.php?rest_route=\/wp\/v2\/posts\/259047","targetHints":{"allow":["GET"]}}],"collection":[{"href":"https:\/\/archive.sana.sy\/tr\/index.php?rest_route=\/wp\/v2\/posts"}],"about":[{"href":"https:\/\/archive.sana.sy\/tr\/index.php?rest_route=\/wp\/v2\/types\/post"}],"author":[{"embeddable":true,"href":"https:\/\/archive.sana.sy\/tr\/index.php?rest_route=\/wp\/v2\/users\/36"}],"replies":[{"embeddable":true,"href":"https:\/\/archive.sana.sy\/tr\/index.php?rest_route=%2Fwp%2Fv2%2Fcomments&post=259047"}],"version-history":[{"count":0,"href":"https:\/\/archive.sana.sy\/tr\/index.php?rest_route=\/wp\/v2\/posts\/259047\/revisions"}],"wp:featuredmedia":[{"embeddable":true,"href":"https:\/\/archive.sana.sy\/tr\/index.php?rest_route=\/wp\/v2\/media\/259048"}],"wp:attachment":[{"href":"https:\/\/archive.sana.sy\/tr\/index.php?rest_route=%2Fwp%2Fv2%2Fmedia&parent=259047"}],"wp:term":[{"taxonomy":"category","embeddable":true,"href":"https:\/\/archive.sana.sy\/tr\/index.php?rest_route=%2Fwp%2Fv2%2Fcategories&post=259047"},{"taxonomy":"post_tag","embeddable":true,"href":"https:\/\/archive.sana.sy\/tr\/index.php?rest_route=%2Fwp%2Fv2%2Ftags&post=259047"}],"curies":[{"name":"wp","href":"https:\/\/api.w.org\/{rel}","templated":true}]}}