{"id":259053,"date":"2022-07-18T14:39:32","date_gmt":"2022-07-18T11:39:32","guid":{"rendered":"http:\/\/107.6.182.27\/tr\/?p=259053"},"modified":"2022-07-19T12:21:29","modified_gmt":"2022-07-19T09:21:29","slug":"ordu-birlikleri-ayn-isa-ve-ayn-el-arabtaki-mevzilerini-guclendiriyor","status":"publish","type":"post","link":"https:\/\/archive.sana.sy\/tr\/?p=259053","title":{"rendered":"Ordu Birlikleri, Ayn \u0130sa Ve Ayn El Arab&#8217;taki Mevzilerini G\u00fc\u00e7lendiriyor\/V\u0130DEO\/"},"content":{"rendered":"<p>HALEP VE RAKKA &#8211; Suriye Arap Ordusu birlikleri Halep ve Rakka&#8217;n\u0131n kuzey k\u0131rsal\u0131nda, s\u0131n\u0131r \u015feridine yak\u0131n \u00e7e\u015fitli b\u00f6lgelerde konu\u015fland\u0131 ve T\u00fcrk i\u015fgal kuvvetleriyle kiral\u0131k ter\u00f6ristleri taraf\u0131ndan ger\u00e7ekle\u015ftirilen sald\u0131r\u0131lara kar\u015f\u0131 konu\u015flanma noktalar\u0131n\u0131 g\u00fc\u00e7lendirdi.<\/p>\n<p>SANA muhabiri, &#8220;Suriye Arap Ordusuna ba\u011fl\u0131 birlikler, Rakka ve Halep k\u0131rsal\u0131ndaki Ayn \u0130sa ve Ayn El-Arab \u015fehirlerinde mevzilerini g\u00fc\u00e7lendirdi&#8221; dedi ve; &#8220;bu \u00f6nlemlerin, devletin t\u00fcm Suriye co\u011frafyas\u0131nda g\u00fcvenlik ve istikrar\u0131 peki\u015ftirmek i\u00e7in att\u0131\u011f\u0131 ad\u0131mlar ba\u011flam\u0131nda geldi\u011fine&#8221; dikkat \u00e7ekti.<\/p>\n<p><a class=\"oajrlxb2 g5ia77u1 qu0x051f esr5mh6w e9989ue4 r7d6kgcz rq0escxv nhd2j8a9 nc684nl6 p7hjln8o kvgmc6g5 cxmmr5t8 oygrvhab hcukyx3x jb3vyjys rz4wbd8a qt6c0cv9 a8nywdso i1ao9s8h esuyzwwr f1sip0of lzcic4wl gpro0wi8 q66pz984 b1v8xokw\" tabindex=\"0\" role=\"link\" href=\"https:\/\/www.facebook.com\/hashtag\/telegram_kanal%C4%B1m%C4%B1z?__eep__=6&amp;__cft__[0]=AZUraBJLe5jYUuAITzXIMzD5KUM4m_Elv2uP8A6RoFmpNO4qCk0KMPZt0i0uX4WU2TssZiLr_Aqh3eCZjToJetNbpb09trTElxc4-wxCxsHtfQUktHxa6kPwCkF0t-o-1_Ztk0KMxvWjFUmxH4aFsFAKKEXq_3S4HeIzbMUfNXL3dg&amp;__tn__=*NK-R\">#Telegram_Kanal\u0131m\u0131z<\/a>: <a class=\"oajrlxb2 g5ia77u1 qu0x051f esr5mh6w e9989ue4 r7d6kgcz rq0escxv nhd2j8a9 nc684nl6 p7hjln8o kvgmc6g5 cxmmr5t8 oygrvhab hcukyx3x jb3vyjys rz4wbd8a qt6c0cv9 a8nywdso i1ao9s8h esuyzwwr f1sip0of lzcic4wl gpro0wi8 py34i1dx\" tabindex=\"0\" role=\"link\" href=\"https:\/\/t.me\/SuriyeArapHaberAjans?fbclid=IwAR274aJHXi3UTBeolgaWmAaFSODZC470o4xOHWaHrA8faGSoQ7tRCojfV0s\" target=\"_blank\" rel=\"nofollow noopener\">https:\/\/t.me\/SuriyeArapHaberAjans<\/a><\/p>\n<p><iframe loading=\"lazy\" title=\"\u0648\u062d\u062f\u0627\u062a \u0645\u0646 \u0627\u0644\u062c\u064a\u0634 \u062a\u0639\u0632\u0632 \u0645\u0648\u0627\u0642\u0639\u0647\u0627 \u0641\u064a \u0627\u0644\u0634\u0645\u0627\u0644 \u0627\u0644\u0633\u0648\u0631\u064a\" src=\"https:\/\/www.youtube.com\/embed\/d6MYpXhREg8\" width=\"620\" height=\"348\" frameborder=\"0\" allowfullscreen=\"allowfullscreen\"><\/iframe><\/p>\n<div id='gallery-1' class='gallery galleryid-259053 gallery-columns-1 gallery-size-full'><figure class='gallery-item'>\n\t\t\t<div class='gallery-icon landscape'>\n\t\t\t\t<a href='https:\/\/archive.sana.sy\/tr\/wp-content\/uploads\/2022\/07\/44-8.jpg'><img loading=\"lazy\" decoding=\"async\" width=\"660\" height=\"371\" src=\"https:\/\/archive.sana.sy\/tr\/wp-content\/uploads\/2022\/07\/44-8.jpg\" class=\"attachment-full size-full\" alt=\"\" srcset=\"https:\/\/archive.sana.sy\/tr\/wp-content\/uploads\/2022\/07\/44-8.jpg 660w, https:\/\/archive.sana.sy\/tr\/wp-content\/uploads\/2022\/07\/44-8-300x169.jpg 300w, https:\/\/archive.sana.sy\/tr\/wp-content\/uploads\/2022\/07\/44-8-150x84.jpg 150w\" sizes=\"auto, (max-width: 660px) 100vw, 660px\" \/><\/a>\n\t\t\t<\/div><\/figure><figure class='gallery-item'>\n\t\t\t<div class='gallery-icon landscape'>\n\t\t\t\t<a href='https:\/\/archive.sana.sy\/tr\/wp-content\/uploads\/2022\/07\/45-1.jpg'><img loading=\"lazy\" decoding=\"async\" width=\"660\" height=\"371\" src=\"https:\/\/archive.sana.sy\/tr\/wp-content\/uploads\/2022\/07\/45-1.jpg\" class=\"attachment-full size-full\" alt=\"\" srcset=\"https:\/\/archive.sana.sy\/tr\/wp-content\/uploads\/2022\/07\/45-1.jpg 660w, https:\/\/archive.sana.sy\/tr\/wp-content\/uploads\/2022\/07\/45-1-300x169.jpg 300w, https:\/\/archive.sana.sy\/tr\/wp-content\/uploads\/2022\/07\/45-1-150x84.jpg 150w\" sizes=\"auto, (max-width: 660px) 100vw, 660px\" \/><\/a>\n\t\t\t<\/div><\/figure><figure class='gallery-item'>\n\t\t\t<div class='gallery-icon landscape'>\n\t\t\t\t<a href='https:\/\/archive.sana.sy\/tr\/wp-content\/uploads\/2022\/07\/46-1.jpg'><img loading=\"lazy\" decoding=\"async\" width=\"660\" height=\"371\" src=\"https:\/\/archive.sana.sy\/tr\/wp-content\/uploads\/2022\/07\/46-1.jpg\" class=\"attachment-full size-full\" alt=\"\" srcset=\"https:\/\/archive.sana.sy\/tr\/wp-content\/uploads\/2022\/07\/46-1.jpg 660w, https:\/\/archive.sana.sy\/tr\/wp-content\/uploads\/2022\/07\/46-1-300x169.jpg 300w, https:\/\/archive.sana.sy\/tr\/wp-content\/uploads\/2022\/07\/46-1-150x84.jpg 150w\" sizes=\"auto, (max-width: 660px) 100vw, 660px\" \/><\/a>\n\t\t\t<\/div><\/figure>\n\t\t<\/div>\n\n","protected":false},"excerpt":{"rendered":"<p>HALEP VE RAKKA &#8211; Suriye Arap Ordusu birlikleri Halep ve Rakka&#8217;n\u0131n kuzey k\u0131rsal\u0131nda, s\u0131n\u0131r \u015feridine yak\u0131n \u00e7e\u015fitli b\u00f6lgelerde konu\u015fland\u0131 ve T\u00fcrk i\u015fgal kuvvetleriyle kiral\u0131k ter\u00f6ristleri taraf\u0131ndan ger\u00e7ekle\u015ftirilen sald\u0131r\u0131lara kar\u015f\u0131 konu\u015flanma noktalar\u0131n\u0131 g\u00fc\u00e7lendirdi. SANA muhabiri, &#8220;Suriye Arap Ordusuna ba\u011fl\u0131 birlikler, Rakka ve Halep k\u0131rsal\u0131ndaki Ayn \u0130sa ve Ayn El-Arab \u015fehirlerinde mevzilerini g\u00fc\u00e7lendirdi&#8221; dedi ve; &#8220;bu \u00f6nlemlerin, &hellip;<\/p>\n","protected":false},"author":39,"featured_media":259071,"comment_status":"closed","ping_status":"closed","sticky":false,"template":"","format":"standard","meta":{"footnotes":""},"categories":[479,575,17988,2555,478],"tags":[],"class_list":["post-259053","post","type-post","status-publish","format-standard","has-post-thumbnail","","category-haberler-yerel","category-olaylar-ve-gercekler","category-son-haberler","category-suriye-ve-turkiye","category-yerel"],"_links":{"self":[{"href":"https:\/\/archive.sana.sy\/tr\/index.php?rest_route=\/wp\/v2\/posts\/259053","targetHints":{"allow":["GET"]}}],"collection":[{"href":"https:\/\/archive.sana.sy\/tr\/index.php?rest_route=\/wp\/v2\/posts"}],"about":[{"href":"https:\/\/archive.sana.sy\/tr\/index.php?rest_route=\/wp\/v2\/types\/post"}],"author":[{"embeddable":true,"href":"https:\/\/archive.sana.sy\/tr\/index.php?rest_route=\/wp\/v2\/users\/39"}],"replies":[{"embeddable":true,"href":"https:\/\/archive.sana.sy\/tr\/index.php?rest_route=%2Fwp%2Fv2%2Fcomments&post=259053"}],"version-history":[{"count":0,"href":"https:\/\/archive.sana.sy\/tr\/index.php?rest_route=\/wp\/v2\/posts\/259053\/revisions"}],"wp:featuredmedia":[{"embeddable":true,"href":"https:\/\/archive.sana.sy\/tr\/index.php?rest_route=\/wp\/v2\/media\/259071"}],"wp:attachment":[{"href":"https:\/\/archive.sana.sy\/tr\/index.php?rest_route=%2Fwp%2Fv2%2Fmedia&parent=259053"}],"wp:term":[{"taxonomy":"category","embeddable":true,"href":"https:\/\/archive.sana.sy\/tr\/index.php?rest_route=%2Fwp%2Fv2%2Fcategories&post=259053"},{"taxonomy":"post_tag","embeddable":true,"href":"https:\/\/archive.sana.sy\/tr\/index.php?rest_route=%2Fwp%2Fv2%2Ftags&post=259053"}],"curies":[{"name":"wp","href":"https:\/\/api.w.org\/{rel}","templated":true}]}}