{"id":259068,"date":"2022-07-18T16:42:54","date_gmt":"2022-07-18T13:42:54","guid":{"rendered":"http:\/\/107.6.182.27\/tr\/?p=259068"},"modified":"2022-07-20T08:00:39","modified_gmt":"2022-07-20T05:00:39","slug":"esaddan-mkm-teskilatindaki-teknik-iscilerin-tazminatlarini-duzenleyen-kararname","status":"publish","type":"post","link":"https:\/\/archive.sana.sy\/tr\/?p=259068","title":{"rendered":"Esad&#8217;dan MKM Te\u015fkilat\u0131&#8217;ndaki Teknik \u0130\u015f\u00e7ilerin Tazminatlar\u0131n\u0131 D\u00fczenleyen Kararname"},"content":{"rendered":"<p style=\"text-align: justify;\">\u00e7al\u0131\u015fma ve faaliyetlerinin geni\u015fletilmesi ve kurumun teknik personeli taraf\u0131ndan bunun gerektirdi\u011fi ek \u00e7abalara nazaran Cumhurba\u015fkan\u0131 Be\u015f\u015far Esad bug\u00fcn, Mali Kontrol Merkezi Ajans\u0131ndaki teknik i\u015f\u00e7ilere, i\u015fin yap\u0131ld\u0131\u011f\u0131 tarihte ge\u00e7erli olmak \u00fczere toplu \u00fccretin y\u00fczde 75&#8217;i oran\u0131nda bir \u00e7al\u0131\u015fma niteli\u011fi tazminat\u0131 verilmesini ve m\u00fcfetti\u015f yard\u0131mc\u0131lar\u0131na ayl\u0131k toplu \u00fccretin y\u00fczde 20&#8217;si oran\u0131nda bir i\u015f niteli\u011fi tazminat\u0131 verilmesini sa\u011flayan 2022 y\u0131l\u0131 11 say\u0131l\u0131 kararnameyi \u00e7\u0131kard\u0131.<\/p>\n<p>&nbsp;<\/p>\n<p>&nbsp;<\/p>\n","protected":false},"excerpt":{"rendered":"<p>\u00e7al\u0131\u015fma ve faaliyetlerinin geni\u015fletilmesi ve kurumun teknik personeli taraf\u0131ndan bunun gerektirdi\u011fi ek \u00e7abalara nazaran Cumhurba\u015fkan\u0131 Be\u015f\u015far Esad bug\u00fcn, Mali Kontrol Merkezi Ajans\u0131ndaki teknik i\u015f\u00e7ilere, i\u015fin yap\u0131ld\u0131\u011f\u0131 tarihte ge\u00e7erli olmak \u00fczere toplu \u00fccretin y\u00fczde 75&#8217;i oran\u0131nda bir \u00e7al\u0131\u015fma niteli\u011fi tazminat\u0131 verilmesini ve m\u00fcfetti\u015f yard\u0131mc\u0131lar\u0131na ayl\u0131k toplu \u00fccretin y\u00fczde 20&#8217;si oran\u0131nda bir i\u015f niteli\u011fi tazminat\u0131 verilmesini sa\u011flayan &hellip;<\/p>\n","protected":false},"author":1,"featured_media":259069,"comment_status":"closed","ping_status":"closed","sticky":false,"template":"","format":"standard","meta":{"footnotes":""},"categories":[479,17988,612,599,478],"tags":[],"class_list":["post-259068","post","type-post","status-publish","format-standard","has-post-thumbnail","","category-haberler-yerel","category-son-haberler","category-yasama-kararnameler","category-yasama-ve-kanunlar","category-yerel"],"_links":{"self":[{"href":"https:\/\/archive.sana.sy\/tr\/index.php?rest_route=\/wp\/v2\/posts\/259068","targetHints":{"allow":["GET"]}}],"collection":[{"href":"https:\/\/archive.sana.sy\/tr\/index.php?rest_route=\/wp\/v2\/posts"}],"about":[{"href":"https:\/\/archive.sana.sy\/tr\/index.php?rest_route=\/wp\/v2\/types\/post"}],"author":[{"embeddable":true,"href":"https:\/\/archive.sana.sy\/tr\/index.php?rest_route=\/wp\/v2\/users\/1"}],"replies":[{"embeddable":true,"href":"https:\/\/archive.sana.sy\/tr\/index.php?rest_route=%2Fwp%2Fv2%2Fcomments&post=259068"}],"version-history":[{"count":0,"href":"https:\/\/archive.sana.sy\/tr\/index.php?rest_route=\/wp\/v2\/posts\/259068\/revisions"}],"wp:featuredmedia":[{"embeddable":true,"href":"https:\/\/archive.sana.sy\/tr\/index.php?rest_route=\/wp\/v2\/media\/259069"}],"wp:attachment":[{"href":"https:\/\/archive.sana.sy\/tr\/index.php?rest_route=%2Fwp%2Fv2%2Fmedia&parent=259068"}],"wp:term":[{"taxonomy":"category","embeddable":true,"href":"https:\/\/archive.sana.sy\/tr\/index.php?rest_route=%2Fwp%2Fv2%2Fcategories&post=259068"},{"taxonomy":"post_tag","embeddable":true,"href":"https:\/\/archive.sana.sy\/tr\/index.php?rest_route=%2Fwp%2Fv2%2Ftags&post=259068"}],"curies":[{"name":"wp","href":"https:\/\/api.w.org\/{rel}","templated":true}]}}