{"id":259096,"date":"2022-07-18T16:57:43","date_gmt":"2022-07-18T13:57:43","guid":{"rendered":"http:\/\/107.6.182.27\/tr\/?p=259096"},"modified":"2022-07-20T08:01:09","modified_gmt":"2022-07-20T05:01:09","slug":"peskov-putinin-tahrandaki-gorusmelerinin-basinda-suriyedeki-cozum-konusu-geliyor","status":"publish","type":"post","link":"https:\/\/archive.sana.sy\/tr\/?p=259096","title":{"rendered":"Peskov: Putin&#8217;in Tahran&#8217;daki G\u00f6r\u00fc\u015fmelerinin Ba\u015f\u0131nda Suriye&#8217;deki \u00c7\u00f6z\u00fcm Konusu Geliyor"},"content":{"rendered":"<p>MOSKOVA \u2013 Rusya cumhurba\u015fkanl\u0131\u011f\u0131 s\u00f6zc\u00fcs\u00fc Dmitry Peskov, Rusya Ba\u015fkan\u0131 Vladimir Putin&#8217;in yar\u0131n Tahran&#8217;a yapaca\u011f\u0131 ziyarette Suriye&#8217;deki siyasi \u00e7\u00f6z\u00fcm s\u00fcrecinin ilgi oda\u011f\u0131 olaca\u011f\u0131n\u0131 duyurdu.<\/p>\n<p>Peskov bug\u00fcn \u0130ran radyo ve televizyonuna verdi\u011fi r\u00f6portajd, \u201cRusya, \u0130ran ve T\u00fcrkiye&#8217;nin kat\u0131l\u0131m\u0131yla Suriye \u00e7\u00f6z\u00fcm s\u00fcreci \u00e7ok \u00f6nemli bir form\u00fcld\u00fcr ve uygulanabilirli\u011fini g\u00f6stermi\u015ftir\u201d dedi.<\/p>\n<p>Peskov ayr\u0131ca, Bu \u00fc\u00e7l\u00fc form\u00fcl\u00fcn \u015fu anda Suriye&#8217;deki \u00e7\u00f6z\u00fcme fiilen katk\u0131da bulunan tek uluslararas\u0131 form\u00fcl oldu\u011funu belirtti.<\/p>\n<p>P.M.<\/p>\n","protected":false},"excerpt":{"rendered":"<p>MOSKOVA \u2013 Rusya cumhurba\u015fkanl\u0131\u011f\u0131 s\u00f6zc\u00fcs\u00fc Dmitry Peskov, Rusya Ba\u015fkan\u0131 Vladimir Putin&#8217;in yar\u0131n Tahran&#8217;a yapaca\u011f\u0131 ziyarette Suriye&#8217;deki siyasi \u00e7\u00f6z\u00fcm s\u00fcrecinin ilgi oda\u011f\u0131 olaca\u011f\u0131n\u0131 duyurdu. Peskov bug\u00fcn \u0130ran radyo ve televizyonuna verdi\u011fi r\u00f6portajd, \u201cRusya, \u0130ran ve T\u00fcrkiye&#8217;nin kat\u0131l\u0131m\u0131yla Suriye \u00e7\u00f6z\u00fcm s\u00fcreci \u00e7ok \u00f6nemli bir form\u00fcld\u00fcr ve uygulanabilirli\u011fini g\u00f6stermi\u015ftir\u201d dedi. Peskov ayr\u0131ca, Bu \u00fc\u00e7l\u00fc form\u00fcl\u00fcn \u015fu anda Suriye&#8217;deki &hellip;<\/p>\n","protected":false},"author":1,"featured_media":259097,"comment_status":"closed","ping_status":"closed","sticky":false,"template":"","format":"standard","meta":{"footnotes":""},"categories":[458,459,17988],"tags":[],"class_list":["post-259096","post","type-post","status-publish","format-standard","has-post-thumbnail","","category-dunya1","category-haberler-arap-uluslararasi-politika","category-son-haberler"],"_links":{"self":[{"href":"https:\/\/archive.sana.sy\/tr\/index.php?rest_route=\/wp\/v2\/posts\/259096","targetHints":{"allow":["GET"]}}],"collection":[{"href":"https:\/\/archive.sana.sy\/tr\/index.php?rest_route=\/wp\/v2\/posts"}],"about":[{"href":"https:\/\/archive.sana.sy\/tr\/index.php?rest_route=\/wp\/v2\/types\/post"}],"author":[{"embeddable":true,"href":"https:\/\/archive.sana.sy\/tr\/index.php?rest_route=\/wp\/v2\/users\/1"}],"replies":[{"embeddable":true,"href":"https:\/\/archive.sana.sy\/tr\/index.php?rest_route=%2Fwp%2Fv2%2Fcomments&post=259096"}],"version-history":[{"count":0,"href":"https:\/\/archive.sana.sy\/tr\/index.php?rest_route=\/wp\/v2\/posts\/259096\/revisions"}],"wp:featuredmedia":[{"embeddable":true,"href":"https:\/\/archive.sana.sy\/tr\/index.php?rest_route=\/wp\/v2\/media\/259097"}],"wp:attachment":[{"href":"https:\/\/archive.sana.sy\/tr\/index.php?rest_route=%2Fwp%2Fv2%2Fmedia&parent=259096"}],"wp:term":[{"taxonomy":"category","embeddable":true,"href":"https:\/\/archive.sana.sy\/tr\/index.php?rest_route=%2Fwp%2Fv2%2Fcategories&post=259096"},{"taxonomy":"post_tag","embeddable":true,"href":"https:\/\/archive.sana.sy\/tr\/index.php?rest_route=%2Fwp%2Fv2%2Ftags&post=259096"}],"curies":[{"name":"wp","href":"https:\/\/api.w.org\/{rel}","templated":true}]}}