{"id":259100,"date":"2022-07-18T17:59:42","date_gmt":"2022-07-18T14:59:42","guid":{"rendered":"http:\/\/107.6.182.27\/tr\/?p=259100"},"modified":"2022-07-20T08:01:38","modified_gmt":"2022-07-20T05:01:38","slug":"saglik-bakanligi-ve-kuresel-asi-ittifaki-ortak-isbirligini-gelistirmenin-yollarini-gorustu","status":"publish","type":"post","link":"https:\/\/archive.sana.sy\/tr\/?p=259100","title":{"rendered":"Sa\u011fl\u0131k Bakanl\u0131\u011f\u0131 ve K\u00fcresel A\u015f\u0131 \u0130ttifak\u0131, Ortak \u0130\u015fbirli\u011fini Geli\u015ftirmenin Yollar\u0131n\u0131 G\u00f6r\u00fc\u015ft\u00fc"},"content":{"rendered":"<p>\u015eAM \u2013 Bug\u00fcn Sa\u011fl\u0131k Bakan\u0131 Hassan el \u011eabba\u015f, K\u00fcresel A\u015f\u0131lar ve Ba\u011f\u0131\u015f\u0131klama \u0130ttifak\u0131 \u201cGavi\u201d \u00e7al\u0131\u015fma grubuyla COVID-19 a\u015f\u0131lar\u0131 ve ulusal a\u015f\u0131 program\u0131na dahil olan di\u011fer rutin a\u015f\u0131larla ilgili i\u015fbirli\u011fini geli\u015ftirmenin yollar\u0131n\u0131 g\u00f6r\u00fc\u015ft\u00fc.<\/p>\n<p>Bakan el \u011eabba\u015f, d\u00fcnyadaki sa\u011fl\u0131k risklerine ek olarak, Suriye halk\u0131na uygulanan haks\u0131z ku\u015fatma \u0131\u015f\u0131\u011f\u0131nda h\u00fck\u00fcmetin Corona vir\u00fcs\u00fcne kar\u015f\u0131 a\u015f\u0131 kampanyas\u0131ndaki \u00e7abalar\u0131n\u0131 ve sa\u011fl\u0131k sekt\u00f6r\u00fcn\u00fcn kar\u015f\u0131la\u015ft\u0131\u011f\u0131 zorluklar\u0131 g\u00f6zden ge\u00e7irdi.<\/p>\n<p>Sa\u011fl\u0131k Bakan\u0131, Bakanl\u0131\u011f\u0131n b\u00fcy\u00fck ibadethaneler, bah\u00e7eler ve hizmet kurumlar\u0131n\u0131n topland\u0131\u011f\u0131 halka a\u00e7\u0131k yerlerde a\u015f\u0131 sa\u011flamak i\u00e7in mobil ekipler tahsis etti\u011fini ve \u00e7e\u015fitli uluslararas\u0131 kurulu\u015flarla koordineli olarak Suriye\u2019de a\u015f\u0131 alanlar\u0131n oran\u0131n\u0131 art\u0131rmak i\u00e7in \u00e7al\u0131\u015fmalar yap\u0131ld\u0131\u011f\u0131n\u0131 belirtti.<img loading=\"lazy\" decoding=\"async\" class=\"size-full wp-image-259103 alignright\" src=\"http:\/\/107.6.182.27\/tr\/wp-content\/uploads\/2022\/07\/999_9619-300x189-1.jpg\" alt=\"\" width=\"300\" height=\"189\" srcset=\"https:\/\/archive.sana.sy\/tr\/wp-content\/uploads\/2022\/07\/999_9619-300x189-1.jpg 300w, https:\/\/archive.sana.sy\/tr\/wp-content\/uploads\/2022\/07\/999_9619-300x189-1-150x95.jpg 150w\" sizes=\"auto, (max-width: 300px) 100vw, 300px\" \/><\/p>\n<p>Suriye&#8217;deki \u201cGavi\u201dnin \u00fclke direkt\u00f6r\u00fc Veronique Meva Fags, ulusal a\u015f\u0131 program\u0131na dikkat \u00e7ekerek, Suriye\u2019de gerekli a\u015f\u0131y\u0131 ve da\u011f\u0131t\u0131m mekanizmas\u0131n\u0131 g\u00fcvence alt\u0131na almak i\u00e7in iki taraf aras\u0131nda i\u015fbirli\u011fi i\u00e7in bir gelecek vizyonu geli\u015ftirmenin \u00f6nemine dikkat \u00e7ekti. \u00a0Meva Fags, ayr\u0131ca zor \u015fartlara ra\u011fmen \u00e7al\u0131\u015fan sa\u011fl\u0131k personelin emekleriyle ve b\u00f6lgede iyi gitti\u011fini ifade etti.<\/p>\n<p>P.M.<\/p>\n<p><a class=\"oajrlxb2 g5ia77u1 qu0x051f esr5mh6w e9989ue4 r7d6kgcz rq0escxv nhd2j8a9 nc684nl6 p7hjln8o kvgmc6g5 cxmmr5t8 oygrvhab hcukyx3x jb3vyjys rz4wbd8a qt6c0cv9 a8nywdso i1ao9s8h esuyzwwr f1sip0of lzcic4wl gpro0wi8 q66pz984 b1v8xokw\" tabindex=\"0\" role=\"link\" href=\"https:\/\/www.facebook.com\/hashtag\/telegram_kanal%C4%B1m%C4%B1z?__eep__=6&amp;__cft__[0]=AZWpMhh4D-FGMYugM0PBxZKSKiHobaYLcVvnVmbiDzFRtE3PruE5DWFIlfsu3gRLeNmlltCp5Aw-hQTiwDRtiWwIktBENSh3E0r3dEjIEsz4VGWvhwPf0SRww0Tj-MQS6-rU0HAgkxd7ljpikoSg2t3sO8r_T02ya9AeZlL5NJ9Ipg&amp;__tn__=*NK-R\">#Telegram_Kanal\u0131m\u0131z<\/a>: <a class=\"oajrlxb2 g5ia77u1 qu0x051f esr5mh6w e9989ue4 r7d6kgcz rq0escxv nhd2j8a9 nc684nl6 p7hjln8o kvgmc6g5 cxmmr5t8 oygrvhab hcukyx3x jb3vyjys rz4wbd8a qt6c0cv9 a8nywdso i1ao9s8h esuyzwwr f1sip0of lzcic4wl gpro0wi8 py34i1dx\" tabindex=\"0\" role=\"link\" href=\"https:\/\/t.me\/SuriyeArapHaberAjans?fbclid=IwAR2Dyi5jNE_45hvJdGIidwSN_FrunywCyFLzlUovBaksrdTHi_ANtinEIDw\" target=\"_blank\" rel=\"nofollow noopener\">https:\/\/t.me\/SuriyeArapHaberAjans<\/a><\/p>\n","protected":false},"excerpt":{"rendered":"<p>\u015eAM \u2013 Bug\u00fcn Sa\u011fl\u0131k Bakan\u0131 Hassan el \u011eabba\u015f, K\u00fcresel A\u015f\u0131lar ve Ba\u011f\u0131\u015f\u0131klama \u0130ttifak\u0131 \u201cGavi\u201d \u00e7al\u0131\u015fma grubuyla COVID-19 a\u015f\u0131lar\u0131 ve ulusal a\u015f\u0131 program\u0131na dahil olan di\u011fer rutin a\u015f\u0131larla ilgili i\u015fbirli\u011fini geli\u015ftirmenin yollar\u0131n\u0131 g\u00f6r\u00fc\u015ft\u00fc. Bakan el \u011eabba\u015f, d\u00fcnyadaki sa\u011fl\u0131k risklerine ek olarak, Suriye halk\u0131na uygulanan haks\u0131z ku\u015fatma \u0131\u015f\u0131\u011f\u0131nda h\u00fck\u00fcmetin Corona vir\u00fcs\u00fcne kar\u015f\u0131 a\u015f\u0131 kampanyas\u0131ndaki \u00e7abalar\u0131n\u0131 ve sa\u011fl\u0131k &hellip;<\/p>\n","protected":false},"author":1,"featured_media":259101,"comment_status":"closed","ping_status":"closed","sticky":false,"template":"","format":"standard","meta":{"footnotes":""},"categories":[479,17988,478],"tags":[],"class_list":["post-259100","post","type-post","status-publish","format-standard","has-post-thumbnail","","category-haberler-yerel","category-son-haberler","category-yerel"],"_links":{"self":[{"href":"https:\/\/archive.sana.sy\/tr\/index.php?rest_route=\/wp\/v2\/posts\/259100","targetHints":{"allow":["GET"]}}],"collection":[{"href":"https:\/\/archive.sana.sy\/tr\/index.php?rest_route=\/wp\/v2\/posts"}],"about":[{"href":"https:\/\/archive.sana.sy\/tr\/index.php?rest_route=\/wp\/v2\/types\/post"}],"author":[{"embeddable":true,"href":"https:\/\/archive.sana.sy\/tr\/index.php?rest_route=\/wp\/v2\/users\/1"}],"replies":[{"embeddable":true,"href":"https:\/\/archive.sana.sy\/tr\/index.php?rest_route=%2Fwp%2Fv2%2Fcomments&post=259100"}],"version-history":[{"count":0,"href":"https:\/\/archive.sana.sy\/tr\/index.php?rest_route=\/wp\/v2\/posts\/259100\/revisions"}],"wp:featuredmedia":[{"embeddable":true,"href":"https:\/\/archive.sana.sy\/tr\/index.php?rest_route=\/wp\/v2\/media\/259101"}],"wp:attachment":[{"href":"https:\/\/archive.sana.sy\/tr\/index.php?rest_route=%2Fwp%2Fv2%2Fmedia&parent=259100"}],"wp:term":[{"taxonomy":"category","embeddable":true,"href":"https:\/\/archive.sana.sy\/tr\/index.php?rest_route=%2Fwp%2Fv2%2Fcategories&post=259100"},{"taxonomy":"post_tag","embeddable":true,"href":"https:\/\/archive.sana.sy\/tr\/index.php?rest_route=%2Fwp%2Fv2%2Ftags&post=259100"}],"curies":[{"name":"wp","href":"https:\/\/api.w.org\/{rel}","templated":true}]}}