{"id":259105,"date":"2022-07-18T17:03:46","date_gmt":"2022-07-18T14:03:46","guid":{"rendered":"http:\/\/107.6.182.27\/tr\/?p=259105"},"modified":"2022-07-20T08:01:19","modified_gmt":"2022-07-20T05:01:19","slug":"usakov-suriyede-yerlesim-ilkelerini-ve-topraklarinin-birligini-ve-egemenligini-ihlal-eden-her-turlu-eyleme-karsiyiz","status":"publish","type":"post","link":"https:\/\/archive.sana.sy\/tr\/?p=259105","title":{"rendered":"U\u015fakov: Suriye&#8217;de Yerle\u015fim \u0130lkelerini ve Topraklar\u0131n\u0131n Birli\u011fini ve Egemenli\u011fini \u0130hlal Eden Her T\u00fcrl\u00fc Eyleme Kar\u015f\u0131y\u0131z"},"content":{"rendered":"<p>MOSKOVA \u2013 Rusya Devlet Ba\u015fkan\u0131 Yard\u0131mc\u0131s\u0131 Yuri U\u015fakov, \u00fclkesinin Suriye&#8217;de siyasi \u00e7\u00f6z\u00fcm\u00fcn temel ilkelerini ihlal eden her t\u00fcrl\u00fc eyleme kar\u015f\u0131 oldu\u011funu yineledi.<\/p>\n<p>U\u015fakov, Rus RIA Novosti Ajans\u0131 taraf\u0131ndan aktar\u0131lan a\u00e7\u0131klamada, \u201cDurumu istikrars\u0131zla\u015ft\u0131rmaya devam eden ve F\u0131rat&#8217;\u0131n do\u011fusunda ayr\u0131l\u0131k\u00e7\u0131l\u0131\u011f\u0131 te\u015fvik eden ABD faaliyetleri de dahil olmak \u00fczere, Suriye&#8217;de siyasi \u00e7\u00f6z\u00fcm\u00fcn temel ilkelerini ihlal edecek her t\u00fcrl\u00fc eyleme kar\u015f\u0131y\u0131z\u201d dedi.<\/p>\n<p>U\u015fakov, ABD ve m\u00fcttefiklerinin Suriye&#8217;deki altyap\u0131 yeniden in\u015fa projelerini destekleme ve yapt\u0131r\u0131mlar\u0131 hafifletme y\u00fck\u00fcml\u00fcl\u00fcklerini yerine getirmedi\u011fini a\u00e7\u0131k\u00e7a belirtti.<\/p>\n<p>\u00d6te yandan T\u00fcrk rejiminin Suriye topraklar\u0131na yeni bir sald\u0131r\u0131 d\u00fczenleme planlar\u0131 ve tehditleriyle ilgili olarak U\u015fakov, \u201cMoskova, ilgili BM G\u00fcvenlik Konseyi kararlar\u0131nda yer alan Suriye&#8217;de \u00e7\u00f6z\u00fcm\u00fcn temel ilkesini ve Suriye&#8217;nin egemenli\u011fine, birli\u011fine ve toprak b\u00fct\u00fcnl\u00fc\u011f\u00fcne sayg\u0131y\u0131 \u00f6ng\u00f6ren Astana s\u00fcrecinin \u00e7\u0131kt\u0131lar\u0131na ayk\u0131r\u0131 her t\u00fcrl\u00fc eyleme kar\u015f\u0131 \u00e7\u0131kmaktad\u0131r\u201d ifadeleri kulland\u0131.<\/p>\n<p>P.M.<\/p>\n<p><a class=\"oajrlxb2 g5ia77u1 qu0x051f esr5mh6w e9989ue4 r7d6kgcz rq0escxv nhd2j8a9 nc684nl6 p7hjln8o kvgmc6g5 cxmmr5t8 oygrvhab hcukyx3x jb3vyjys rz4wbd8a qt6c0cv9 a8nywdso i1ao9s8h esuyzwwr f1sip0of lzcic4wl gpro0wi8 q66pz984 b1v8xokw\" tabindex=\"0\" role=\"link\" href=\"https:\/\/www.facebook.com\/hashtag\/telegram_kanal%C4%B1m%C4%B1z?__eep__=6&amp;__cft__[0]=AZWpMhh4D-FGMYugM0PBxZKSKiHobaYLcVvnVmbiDzFRtE3PruE5DWFIlfsu3gRLeNmlltCp5Aw-hQTiwDRtiWwIktBENSh3E0r3dEjIEsz4VGWvhwPf0SRww0Tj-MQS6-rU0HAgkxd7ljpikoSg2t3sO8r_T02ya9AeZlL5NJ9Ipg&amp;__tn__=*NK-R\">#Telegram_Kanal\u0131m\u0131z<\/a>: <a class=\"oajrlxb2 g5ia77u1 qu0x051f esr5mh6w e9989ue4 r7d6kgcz rq0escxv nhd2j8a9 nc684nl6 p7hjln8o kvgmc6g5 cxmmr5t8 oygrvhab hcukyx3x jb3vyjys rz4wbd8a qt6c0cv9 a8nywdso i1ao9s8h esuyzwwr f1sip0of lzcic4wl gpro0wi8 py34i1dx\" tabindex=\"0\" role=\"link\" href=\"https:\/\/l.facebook.com\/l.php?u=https%3A%2F%2Ft.me%2FSuriyeArapHaberAjans%3Ffbclid%3DIwAR2Dyi5jNE_45hvJdGIidwSN_FrunywCyFLzlUovBaksrdTHi_ANtinEIDw&amp;h=AT3tO4lc5XhxTdtyh0GtW3VtnsPgay3MAsQf3QAM6jNmRvW9THbOue7zb1wf58DnofW_DkKdYU5afoeIIvvNWMG2lSWqTCre4cvI_DWusv04AuVBArrMJejw18Ak-sXZzf8&amp;__tn__=-UK-R&amp;c[0]=AT3KKbF5Wj7J0dnvji7zXVDy8FJhmZzGCREGJ99KbG1L335tKx0KCC_ttqgB0vkeOATEgj-Sj1iPRZfkrMyYc4NoOFCxvP3y3XaPgLGtQAjv1zF267ABiqCfJ_THR-WtcuA2oYAwhzwT6WZ5oXSWScbAaU5CdYp8Tr2BgJmZLb4dfsFSY7ECK2GzDV5CVvSu0KMhl0M1\" target=\"_blank\" rel=\"nofollow noopener\">https:\/\/t.me\/SuriyeArapHaberAjans<\/a><\/p>\n","protected":false},"excerpt":{"rendered":"<p>MOSKOVA \u2013 Rusya Devlet Ba\u015fkan\u0131 Yard\u0131mc\u0131s\u0131 Yuri U\u015fakov, \u00fclkesinin Suriye&#8217;de siyasi \u00e7\u00f6z\u00fcm\u00fcn temel ilkelerini ihlal eden her t\u00fcrl\u00fc eyleme kar\u015f\u0131 oldu\u011funu yineledi. U\u015fakov, Rus RIA Novosti Ajans\u0131 taraf\u0131ndan aktar\u0131lan a\u00e7\u0131klamada, \u201cDurumu istikrars\u0131zla\u015ft\u0131rmaya devam eden ve F\u0131rat&#8217;\u0131n do\u011fusunda ayr\u0131l\u0131k\u00e7\u0131l\u0131\u011f\u0131 te\u015fvik eden ABD faaliyetleri de dahil olmak \u00fczere, Suriye&#8217;de siyasi \u00e7\u00f6z\u00fcm\u00fcn temel ilkelerini ihlal edecek her t\u00fcrl\u00fc &hellip;<\/p>\n","protected":false},"author":1,"featured_media":259106,"comment_status":"closed","ping_status":"closed","sticky":false,"template":"","format":"standard","meta":{"footnotes":""},"categories":[458,459,17988],"tags":[],"class_list":["post-259105","post","type-post","status-publish","format-standard","has-post-thumbnail","","category-dunya1","category-haberler-arap-uluslararasi-politika","category-son-haberler"],"_links":{"self":[{"href":"https:\/\/archive.sana.sy\/tr\/index.php?rest_route=\/wp\/v2\/posts\/259105","targetHints":{"allow":["GET"]}}],"collection":[{"href":"https:\/\/archive.sana.sy\/tr\/index.php?rest_route=\/wp\/v2\/posts"}],"about":[{"href":"https:\/\/archive.sana.sy\/tr\/index.php?rest_route=\/wp\/v2\/types\/post"}],"author":[{"embeddable":true,"href":"https:\/\/archive.sana.sy\/tr\/index.php?rest_route=\/wp\/v2\/users\/1"}],"replies":[{"embeddable":true,"href":"https:\/\/archive.sana.sy\/tr\/index.php?rest_route=%2Fwp%2Fv2%2Fcomments&post=259105"}],"version-history":[{"count":0,"href":"https:\/\/archive.sana.sy\/tr\/index.php?rest_route=\/wp\/v2\/posts\/259105\/revisions"}],"wp:featuredmedia":[{"embeddable":true,"href":"https:\/\/archive.sana.sy\/tr\/index.php?rest_route=\/wp\/v2\/media\/259106"}],"wp:attachment":[{"href":"https:\/\/archive.sana.sy\/tr\/index.php?rest_route=%2Fwp%2Fv2%2Fmedia&parent=259105"}],"wp:term":[{"taxonomy":"category","embeddable":true,"href":"https:\/\/archive.sana.sy\/tr\/index.php?rest_route=%2Fwp%2Fv2%2Fcategories&post=259105"},{"taxonomy":"post_tag","embeddable":true,"href":"https:\/\/archive.sana.sy\/tr\/index.php?rest_route=%2Fwp%2Fv2%2Ftags&post=259105"}],"curies":[{"name":"wp","href":"https:\/\/api.w.org\/{rel}","templated":true}]}}