{"id":259108,"date":"2022-07-18T18:08:13","date_gmt":"2022-07-18T15:08:13","guid":{"rendered":"http:\/\/107.6.182.27\/tr\/?p=259108"},"modified":"2022-07-20T08:01:41","modified_gmt":"2022-07-20T05:01:41","slug":"el-caferi-ve-sabana-suriye-ile-birlesmis-milletler-nufus-fonu-arasindaki-isbirligi-alanlarini-gorustu","status":"publish","type":"post","link":"https:\/\/archive.sana.sy\/tr\/?p=259108","title":{"rendered":"El Caferi ve \u015eabana, Suriye ile Birle\u015fmi\u015f Milletler N\u00fcfus Fonu Aras\u0131ndaki I\u015fbirli\u011fi Alanlar\u0131n\u0131 G\u00f6r\u00fc\u015ft\u00fc"},"content":{"rendered":"<p>\u015eAM \u2013 D\u0131\u015fi\u015fleri ve Gurbet\u00e7iler Bakan Yard\u0131mc\u0131s\u0131 Be\u015f\u015far el Caferi bug\u00fcn Birle\u015fmi\u015f Milletler N\u00fcfus Fonu B\u00f6lge Direkt\u00f6r\u00fc Louay \u015eabana ile Suriye ile Birle\u015fmi\u015f Milletler N\u00fcfus Fonu aras\u0131ndaki i\u015fbirli\u011fi alanlar\u0131n\u0131 ve ortak programlar\u0131 g\u00f6r\u00fc\u015ft\u00fc.<\/p>\n<p>\u0130ki taraf, Suriye h\u00fck\u00fcmetinin, Suriye vatanda\u015flar\u0131n\u0131n ac\u0131lar\u0131n\u0131n hafifletilmesine katk\u0131da bulunan, h\u00fck\u00fcmet ortaklar\u0131yla birlikte y\u00fcr\u00fctt\u00fc\u011f\u00fc projeleri ger\u00e7ekle\u015ftirmesi ve ger\u00e7ekle\u015ftirmesi i\u00e7in fona sa\u011flad\u0131\u011f\u0131 kolayl\u0131klar\u0131 tart\u0131\u015ft\u0131.<\/p>\n<p>El Caferi, Fon&#8217;un Suriye&#8217;deki siyasalla\u015fmadan uzakla\u015fan \u00e7al\u0131\u015fmalar\u0131na dikkat \u00e7ekerken, 2642 say\u0131l\u0131 yeni G\u00fcvenlik Konseyi Karar\u0131n\u0131n cari y\u0131l i\u00e7in uygulanmas\u0131n\u0131n \u00f6nemini vurgulad\u0131. <img loading=\"lazy\" decoding=\"async\" class=\"size-medium wp-image-259111 alignright\" src=\"http:\/\/107.6.182.27\/tr\/wp-content\/uploads\/2022\/07\/\u0631\u0631\u0631999_9622-660x330-2-300x150.jpg\" alt=\"\" width=\"300\" height=\"150\" srcset=\"https:\/\/archive.sana.sy\/tr\/wp-content\/uploads\/2022\/07\/\u0631\u0631\u0631999_9622-660x330-2-300x150.jpg 300w, https:\/\/archive.sana.sy\/tr\/wp-content\/uploads\/2022\/07\/\u0631\u0631\u0631999_9622-660x330-2-150x75.jpg 150w, https:\/\/archive.sana.sy\/tr\/wp-content\/uploads\/2022\/07\/\u0631\u0631\u0631999_9622-660x330-2.jpg 660w\" sizes=\"auto, (max-width: 300px) 100vw, 300px\" \/><\/p>\n<p>D\u0131\u015fi\u015fleri ve Gurbet\u00e7iler Bakan Yard\u0131mc\u0131s\u0131, Suriye halk\u0131na uygulanan ve Birle\u015fmi\u015f Milletler&#8217;in 2030 s\u00fcrd\u00fcr\u00fclebilir kalk\u0131nma g\u00fcndemiyle \u00e7eli\u015fen tek tarafl\u0131 zorlay\u0131c\u0131 ekonomik tedbirlerin olumsuz etkilerinden de bahsederken, Birle\u015fmi\u015f Milletleri, sald\u0131rgan \u00fclkelere kalk\u0131nma planlar\u0131n\u0131n uygulanmas\u0131n\u0131 engelleyen tek tarafl\u0131 zorlay\u0131c\u0131 ekonomik \u00f6nlemleri kald\u0131rmalar\u0131 i\u00e7in bask\u0131 yapma \u00e7abalar\u0131n\u0131 g\u00f6stermeye \u00e7a\u011f\u0131rd\u0131.<\/p>\n<p>\u015eabana ise, Suriye h\u00fck\u00fcmetinin Fon&#8217;un \u00e7al\u0131\u015fmalar\u0131na verdi\u011fi destekten dolay\u0131 te\u015fekk\u00fcrlerini ileterek, Fonun kendi g\u00f6revi ve Suriye&#8217;nin 2015 y\u0131l\u0131ndaki \u00dclke Program\u0131 Belgesi \u00e7er\u00e7evesinde belirlenen \u00f6ncelikleri do\u011frultusunda Suriye\u2019de \u00e7al\u0131\u015fmalar\u0131n\u0131 s\u00fcrd\u00fcrme kararl\u0131l\u0131\u011f\u0131n\u0131 yineledi.<\/p>\n<p>P.M.<\/p>\n","protected":false},"excerpt":{"rendered":"<p>\u015eAM \u2013 D\u0131\u015fi\u015fleri ve Gurbet\u00e7iler Bakan Yard\u0131mc\u0131s\u0131 Be\u015f\u015far el Caferi bug\u00fcn Birle\u015fmi\u015f Milletler N\u00fcfus Fonu B\u00f6lge Direkt\u00f6r\u00fc Louay \u015eabana ile Suriye ile Birle\u015fmi\u015f Milletler N\u00fcfus Fonu aras\u0131ndaki i\u015fbirli\u011fi alanlar\u0131n\u0131 ve ortak programlar\u0131 g\u00f6r\u00fc\u015ft\u00fc. \u0130ki taraf, Suriye h\u00fck\u00fcmetinin, Suriye vatanda\u015flar\u0131n\u0131n ac\u0131lar\u0131n\u0131n hafifletilmesine katk\u0131da bulunan, h\u00fck\u00fcmet ortaklar\u0131yla birlikte y\u00fcr\u00fctt\u00fc\u011f\u00fc projeleri ger\u00e7ekle\u015ftirmesi ve ger\u00e7ekle\u015ftirmesi i\u00e7in fona sa\u011flad\u0131\u011f\u0131 kolayl\u0131klar\u0131 &hellip;<\/p>\n","protected":false},"author":1,"featured_media":259110,"comment_status":"closed","ping_status":"closed","sticky":false,"template":"","format":"standard","meta":{"footnotes":""},"categories":[479,17988,478],"tags":[],"class_list":["post-259108","post","type-post","status-publish","format-standard","has-post-thumbnail","","category-haberler-yerel","category-son-haberler","category-yerel"],"_links":{"self":[{"href":"https:\/\/archive.sana.sy\/tr\/index.php?rest_route=\/wp\/v2\/posts\/259108","targetHints":{"allow":["GET"]}}],"collection":[{"href":"https:\/\/archive.sana.sy\/tr\/index.php?rest_route=\/wp\/v2\/posts"}],"about":[{"href":"https:\/\/archive.sana.sy\/tr\/index.php?rest_route=\/wp\/v2\/types\/post"}],"author":[{"embeddable":true,"href":"https:\/\/archive.sana.sy\/tr\/index.php?rest_route=\/wp\/v2\/users\/1"}],"replies":[{"embeddable":true,"href":"https:\/\/archive.sana.sy\/tr\/index.php?rest_route=%2Fwp%2Fv2%2Fcomments&post=259108"}],"version-history":[{"count":0,"href":"https:\/\/archive.sana.sy\/tr\/index.php?rest_route=\/wp\/v2\/posts\/259108\/revisions"}],"wp:featuredmedia":[{"embeddable":true,"href":"https:\/\/archive.sana.sy\/tr\/index.php?rest_route=\/wp\/v2\/media\/259110"}],"wp:attachment":[{"href":"https:\/\/archive.sana.sy\/tr\/index.php?rest_route=%2Fwp%2Fv2%2Fmedia&parent=259108"}],"wp:term":[{"taxonomy":"category","embeddable":true,"href":"https:\/\/archive.sana.sy\/tr\/index.php?rest_route=%2Fwp%2Fv2%2Fcategories&post=259108"},{"taxonomy":"post_tag","embeddable":true,"href":"https:\/\/archive.sana.sy\/tr\/index.php?rest_route=%2Fwp%2Fv2%2Ftags&post=259108"}],"curies":[{"name":"wp","href":"https:\/\/api.w.org\/{rel}","templated":true}]}}